{"id":860,"date":"2022-12-21T08:45:08","date_gmt":"2022-12-21T08:45:08","guid":{"rendered":"https:\/\/osvs.edu.ba\/?p=860"},"modified":"2022-12-21T08:45:08","modified_gmt":"2022-12-21T08:45:08","slug":"zahvalnica-za-ucesce-u-obiljezavanju-medjunarodnog-dana-djeteta","status":"publish","type":"post","link":"https:\/\/osvs.edu.ba\/index.php\/2022\/12\/21\/zahvalnica-za-ucesce-u-obiljezavanju-medjunarodnog-dana-djeteta\/","title":{"rendered":"Zahvalnica za u\u010de\u0161\u0107e u obilje\u017eavanju Me\u0111unarodnog dana djeteta"},"content":{"rendered":"<p><img loading=\"lazy\" decoding=\"async\" class=\"alignnone wp-image-861 size-full\" src=\"https:\/\/osvs.edu.ba\/wp-content\/uploads\/2022\/12\/Osnovna-skola-Vladislav-Skaric.png\" alt=\"\" width=\"10667\" height=\"6000\" srcset=\"https:\/\/osvs.edu.ba\/wp-content\/uploads\/2022\/12\/Osnovna-skola-Vladislav-Skaric.png 10667w, https:\/\/osvs.edu.ba\/wp-content\/uploads\/2022\/12\/Osnovna-skola-Vladislav-Skaric-300x169.png 300w, https:\/\/osvs.edu.ba\/wp-content\/uploads\/2022\/12\/Osnovna-skola-Vladislav-Skaric-1024x576.png 1024w, https:\/\/osvs.edu.ba\/wp-content\/uploads\/2022\/12\/Osnovna-skola-Vladislav-Skaric-768x432.png 768w, https:\/\/osvs.edu.ba\/wp-content\/uploads\/2022\/12\/Osnovna-skola-Vladislav-Skaric-1536x864.png 1536w, https:\/\/osvs.edu.ba\/wp-content\/uploads\/2022\/12\/Osnovna-skola-Vladislav-Skaric-2048x1152.png 2048w\" sizes=\"auto, (max-width: 10667px) 100vw, 10667px\" \/><\/p>\n","protected":false},"excerpt":{"rendered":"","protected":false},"author":3,"featured_media":0,"comment_status":"closed","ping_status":"closed","sticky":false,"template":"","format":"standard","meta":{"footnotes":""},"categories":[4],"tags":[],"class_list":["post-860","post","type-post","status-publish","format-standard","hentry","category-obavjestanja"],"_links":{"self":[{"href":"https:\/\/osvs.edu.ba\/index.php\/wp-json\/wp\/v2\/posts\/860","targetHints":{"allow":["GET"]}}],"collection":[{"href":"https:\/\/osvs.edu.ba\/index.php\/wp-json\/wp\/v2\/posts"}],"about":[{"href":"https:\/\/osvs.edu.ba\/index.php\/wp-json\/wp\/v2\/types\/post"}],"author":[{"embeddable":true,"href":"https:\/\/osvs.edu.ba\/index.php\/wp-json\/wp\/v2\/users\/3"}],"replies":[{"embeddable":true,"href":"https:\/\/osvs.edu.ba\/index.php\/wp-json\/wp\/v2\/comments?post=860"}],"version-history":[{"count":1,"href":"https:\/\/osvs.edu.ba\/index.php\/wp-json\/wp\/v2\/posts\/860\/revisions"}],"predecessor-version":[{"id":862,"href":"https:\/\/osvs.edu.ba\/index.php\/wp-json\/wp\/v2\/posts\/860\/revisions\/862"}],"wp:attachment":[{"href":"https:\/\/osvs.edu.ba\/index.php\/wp-json\/wp\/v2\/media?parent=860"}],"wp:term":[{"taxonomy":"category","embeddable":true,"href":"https:\/\/osvs.edu.ba\/index.php\/wp-json\/wp\/v2\/categories?post=860"},{"taxonomy":"post_tag","embeddable":true,"href":"https:\/\/osvs.edu.ba\/index.php\/wp-json\/wp\/v2\/tags?post=860"}],"curies":[{"name":"wp","href":"https:\/\/api.w.org\/{rel}","templated":true}]}}