{"id":536,"date":"2022-05-26T09:25:09","date_gmt":"2022-05-26T09:25:09","guid":{"rendered":"https:\/\/osvs.edu.ba\/?p=536"},"modified":"2022-05-26T09:29:46","modified_gmt":"2022-05-26T09:29:46","slug":"obiljezavanje-dana-nase-skole","status":"publish","type":"post","link":"https:\/\/osvs.edu.ba\/index.php\/2022\/05\/26\/obiljezavanje-dana-nase-skole\/","title":{"rendered":"Obilje\u017eavanje Dana na\u0161e \u0161kole"},"content":{"rendered":"<p>Obilje\u017eavanje Dana na\u0161e \u0161kole<\/p>\n<p>Petak 27.05.2022.godine<\/p>\n<p>10,00 sati &#8211; Edukativne radionice za u\u010denike<\/p>\n<p>11,00 sati &#8211; Veseli \u010das \/ zabava za u\u010denike (Ciciban park)<\/p>\n<p>16, 30 sati &#8211; \u0160kolski humanitarni bazar \/ \u0160kolsko dvori\u0161te<\/p>\n<p>17,30 sati &#8211; \u0160kolska priredba u povodu Dana \u0161kole (Ciciban park)<\/p>\n<p>18,30 sati &#8211; Pozdrav na\u0161im maturantima<\/p>\n<p>U petak 27.05.2022.godine nastava \u0107e biti skra\u0107ena i \u010das \u0107e trajati 30 minuta.<\/p>\n<p>Nadamo se ne\u0107e biti neprijatnih iznena\u0111enja, u slu\u010daju eventualnih padavina priredba \u0107e se odr\u017eati u muzi\u010dkoj sali a bazar u holu \u0161kole.<\/p>\n<p>O\u010dekujemo va\u0161u podr\u0161ku i pomo\u0107 da na dostojanstven na\u010din obilje\u017eimo Dan na\u0161e i va\u0161e \u0161kole.<\/p>\n<p>Dobro nam do\u0161li<\/p>\n<p><img loading=\"lazy\" decoding=\"async\" class=\"alignnone wp-image-537 size-full\" src=\"https:\/\/osvs.edu.ba\/wp-content\/uploads\/2022\/05\/preuzmi-12.jpg\" alt=\"\" width=\"264\" height=\"191\" \/> <img loading=\"lazy\" decoding=\"async\" class=\"alignnone wp-image-538 size-large\" src=\"https:\/\/osvs.edu.ba\/wp-content\/uploads\/2022\/05\/256597126_4520344254669765_4705993793409802403_n-1024x683.jpg\" alt=\"\" width=\"1024\" height=\"683\" srcset=\"https:\/\/osvs.edu.ba\/wp-content\/uploads\/2022\/05\/256597126_4520344254669765_4705993793409802403_n-1024x683.jpg 1024w, https:\/\/osvs.edu.ba\/wp-content\/uploads\/2022\/05\/256597126_4520344254669765_4705993793409802403_n-300x200.jpg 300w, https:\/\/osvs.edu.ba\/wp-content\/uploads\/2022\/05\/256597126_4520344254669765_4705993793409802403_n-768x512.jpg 768w, https:\/\/osvs.edu.ba\/wp-content\/uploads\/2022\/05\/256597126_4520344254669765_4705993793409802403_n-1536x1024.jpg 1536w, https:\/\/osvs.edu.ba\/wp-content\/uploads\/2022\/05\/256597126_4520344254669765_4705993793409802403_n.jpg 1600w\" sizes=\"auto, (max-width: 1024px) 100vw, 1024px\" \/> <img loading=\"lazy\" decoding=\"async\" class=\"alignnone wp-image-539 size-large\" src=\"https:\/\/osvs.edu.ba\/wp-content\/uploads\/2022\/05\/Logo-Vladislav-Skaric-SA-PNG-963x1024.png\" alt=\"\" width=\"963\" height=\"1024\" srcset=\"https:\/\/osvs.edu.ba\/wp-content\/uploads\/2022\/05\/Logo-Vladislav-Skaric-SA-PNG-963x1024.png 963w, https:\/\/osvs.edu.ba\/wp-content\/uploads\/2022\/05\/Logo-Vladislav-Skaric-SA-PNG-282x300.png 282w, https:\/\/osvs.edu.ba\/wp-content\/uploads\/2022\/05\/Logo-Vladislav-Skaric-SA-PNG-768x817.png 768w, https:\/\/osvs.edu.ba\/wp-content\/uploads\/2022\/05\/Logo-Vladislav-Skaric-SA-PNG-1444x1536.png 1444w, https:\/\/osvs.edu.ba\/wp-content\/uploads\/2022\/05\/Logo-Vladislav-Skaric-SA-PNG-1926x2048.png 1926w\" sizes=\"auto, (max-width: 963px) 100vw, 963px\" \/><\/p>\n","protected":false},"excerpt":{"rendered":"<p>Obilje\u017eavanje Dana na\u0161e \u0161kole Petak 27.05.2022.godine 10,00 sati &#8211; Edukativne radionice za u\u010denike 11,00 sati &#8211; Veseli \u010das \/ zabava za u\u010denike (Ciciban park) 16, 30 sati &#8211; \u0160kolski humanitarni bazar \/ \u0160kolsko dvori\u0161te 17,30 sati &#8211; \u0160kolska priredba u povodu Dana \u0161kole (Ciciban park) 18,30 sati &#8211; Pozdrav na\u0161im maturantima U petak 27.05.2022.godine nastava \u0107e biti skra\u0107ena i \u010das \u0107e trajati 30 minuta. Nadamo se ne\u0107e biti neprijatnih iznena\u0111enja, u slu\u010daju eventualnih padavina priredba \u0107e se odr\u017eati u muzi\u010dkoj sali a bazar u holu \u0161kole. O\u010dekujemo va\u0161u podr\u0161ku i pomo\u0107 da na dostojanstven na\u010din obilje\u017eimo Dan na\u0161e i va\u0161e&#8230; <\/p>\n","protected":false},"author":3,"featured_media":0,"comment_status":"closed","ping_status":"closed","sticky":false,"template":"","format":"standard","meta":{"footnotes":""},"categories":[4],"tags":[],"class_list":["post-536","post","type-post","status-publish","format-standard","hentry","category-obavjestanja"],"_links":{"self":[{"href":"https:\/\/osvs.edu.ba\/index.php\/wp-json\/wp\/v2\/posts\/536","targetHints":{"allow":["GET"]}}],"collection":[{"href":"https:\/\/osvs.edu.ba\/index.php\/wp-json\/wp\/v2\/posts"}],"about":[{"href":"https:\/\/osvs.edu.ba\/index.php\/wp-json\/wp\/v2\/types\/post"}],"author":[{"embeddable":true,"href":"https:\/\/osvs.edu.ba\/index.php\/wp-json\/wp\/v2\/users\/3"}],"replies":[{"embeddable":true,"href":"https:\/\/osvs.edu.ba\/index.php\/wp-json\/wp\/v2\/comments?post=536"}],"version-history":[{"count":1,"href":"https:\/\/osvs.edu.ba\/index.php\/wp-json\/wp\/v2\/posts\/536\/revisions"}],"predecessor-version":[{"id":540,"href":"https:\/\/osvs.edu.ba\/index.php\/wp-json\/wp\/v2\/posts\/536\/revisions\/540"}],"wp:attachment":[{"href":"https:\/\/osvs.edu.ba\/index.php\/wp-json\/wp\/v2\/media?parent=536"}],"wp:term":[{"taxonomy":"category","embeddable":true,"href":"https:\/\/osvs.edu.ba\/index.php\/wp-json\/wp\/v2\/categories?post=536"},{"taxonomy":"post_tag","embeddable":true,"href":"https:\/\/osvs.edu.ba\/index.php\/wp-json\/wp\/v2\/tags?post=536"}],"curies":[{"name":"wp","href":"https:\/\/api.w.org\/{rel}","templated":true}]}}