{"id":489,"date":"2022-04-04T11:06:21","date_gmt":"2022-04-04T11:06:21","guid":{"rendered":"https:\/\/osvs.edu.ba\/?p=489"},"modified":"2022-04-04T11:06:21","modified_gmt":"2022-04-04T11:06:21","slug":"kulturno-historijsko-naslijedje-bih","status":"publish","type":"post","link":"https:\/\/osvs.edu.ba\/index.php\/2022\/04\/04\/kulturno-historijsko-naslijedje-bih\/","title":{"rendered":"Kulturno historijsko naslije\u0111e BiH"},"content":{"rendered":"<p>Kroz projekat \u201cKulturno historijsko naslije\u0111e BiH\u201d koji je kreiran za djecu i mlade, JU CKM u saradnji sa Op\u0107inom Centar i osnovnim \u0161kolama sa podru\u010dja Op\u0107ine Centar, pro\u0161iriti \u0107e edukativne programe u cilju promocije dosada\u0161njih elemenata materijalne i nematerijalne kulturne ba\u0161tine Bosne i Hercegovine, promovi\u0161u\u0107i kulturno i historijsko naslije\u0111a BiH. Kroz razgovore, kreativne radove, radionice i izlo\u017ebe projekat \u0107e razvijati kod djece i u\u010denika ljubav prema kulturnom i umjetni\u010dkom djelovanju i na taj na\u010din promovisati kreativni razvoj, s namjerom motivisanja mladih da samostalno ili u grupama posjete historijske lokacije \u0161irom Bosne i Hercegovine, \u010dime se na direktan na\u010din promovi\u0161u i turisti\u010dki i kulturni potencijali lokalnih sredina. Na ovo putovanje vodi\u0107e nas Emir Durmi\u0161evi\u0107 koji je zavr\u0161io Srednju \u0161kolu primijenjenih umjetnosti, Odsjek za likovno-grafi\u010dku opremu i ilustraciju knjige, a diplomirao na Akademiji likovnih umjetnosti u Sarajevu. Na postdiplomskom studiju, na Odsjeku grafi\u010dkog dizajna, istra\u017euje ilustraciju kao sredstvo vizuelne i likovne promocije kulturnog i historijskog naslije\u0111a. Profesionalno se bavi ilustracijom, koncept-artom, karakter dizajnom i animacijom. Radove je izlagao \u0161irom svijeta: u SAD-u, UAE-u, Italiji, \u0160vedskoj, Francuskoj, Gr\u010dkoj, Turskoj, Austriji, Kipru, Hrvatskoj, Srbiji, Bosni i Hercegovini\u2026 Dobitnik je mnogih priznanja i nagrada za svoj profesionalni rad, od kojih je posebno zna\u010dajna me\u0111unarodna nagrada \u201cZlatno pero\u201d, za ilustraciju, koju dodjeljuje Udru\u017eenje likovnih umjetnika primijenjenih umjetnosti i dizajnera Srbije. U\u010destvovao je kao ilustrator na mnogim projektima: Druga strana medalje, Najljep\u0161e bosanske bajke, Kamena pri\u010da, Bosansko kraljevsto, Ste\u0107kopedija\u2026 Prvo predavanje je organizovano za u\u010denike sedmog razreda O\u0160 \u201cVladislav Skari\u0107\u201c, u srijedu, 23.marta, u 9:30 sati. Pored dragih gostiju iz Op\u0107ine Centar i Centra za kulturu i mlade posebno nas je obradovao susret sa na\u0161im biv\u0161im u\u010denikom Kujovi\u0107 Anesom koji je radno anga\u017eovan u Op\u0107ini Centar.<\/p>\n<p><img loading=\"lazy\" decoding=\"async\" class=\"alignnone wp-image-490 size-large\" src=\"https:\/\/osvs.edu.ba\/wp-content\/uploads\/2022\/04\/IMG-c042262b9abe7b45123cb18281045ea8-V-768x1024.jpg\" alt=\"\" width=\"768\" height=\"1024\" srcset=\"https:\/\/osvs.edu.ba\/wp-content\/uploads\/2022\/04\/IMG-c042262b9abe7b45123cb18281045ea8-V-768x1024.jpg 768w, https:\/\/osvs.edu.ba\/wp-content\/uploads\/2022\/04\/IMG-c042262b9abe7b45123cb18281045ea8-V-225x300.jpg 225w, https:\/\/osvs.edu.ba\/wp-content\/uploads\/2022\/04\/IMG-c042262b9abe7b45123cb18281045ea8-V-1152x1536.jpg 1152w, https:\/\/osvs.edu.ba\/wp-content\/uploads\/2022\/04\/IMG-c042262b9abe7b45123cb18281045ea8-V.jpg 1200w\" sizes=\"auto, (max-width: 768px) 100vw, 768px\" \/> <img loading=\"lazy\" decoding=\"async\" class=\"alignnone size-medium wp-image-491\" src=\"https:\/\/osvs.edu.ba\/wp-content\/uploads\/2022\/04\/IMG-642d6a3c1bddd946c2c76583a8a0e319-V-300x171.jpg\" alt=\"\" width=\"300\" height=\"171\" srcset=\"https:\/\/osvs.edu.ba\/wp-content\/uploads\/2022\/04\/IMG-642d6a3c1bddd946c2c76583a8a0e319-V-300x171.jpg 300w, https:\/\/osvs.edu.ba\/wp-content\/uploads\/2022\/04\/IMG-642d6a3c1bddd946c2c76583a8a0e319-V-768x437.jpg 768w, https:\/\/osvs.edu.ba\/wp-content\/uploads\/2022\/04\/IMG-642d6a3c1bddd946c2c76583a8a0e319-V.jpg 828w\" sizes=\"auto, (max-width: 300px) 100vw, 300px\" \/> <img loading=\"lazy\" decoding=\"async\" class=\"alignnone size-medium wp-image-492\" src=\"https:\/\/osvs.edu.ba\/wp-content\/uploads\/2022\/04\/IMG-df24c82de0a4eaec3571daf06b1a2f7b-V-300x225.jpg\" alt=\"\" width=\"300\" height=\"225\" srcset=\"https:\/\/osvs.edu.ba\/wp-content\/uploads\/2022\/04\/IMG-df24c82de0a4eaec3571daf06b1a2f7b-V-300x225.jpg 300w, https:\/\/osvs.edu.ba\/wp-content\/uploads\/2022\/04\/IMG-df24c82de0a4eaec3571daf06b1a2f7b-V-1024x768.jpg 1024w, https:\/\/osvs.edu.ba\/wp-content\/uploads\/2022\/04\/IMG-df24c82de0a4eaec3571daf06b1a2f7b-V-768x576.jpg 768w, https:\/\/osvs.edu.ba\/wp-content\/uploads\/2022\/04\/IMG-df24c82de0a4eaec3571daf06b1a2f7b-V-1536x1152.jpg 1536w, https:\/\/osvs.edu.ba\/wp-content\/uploads\/2022\/04\/IMG-df24c82de0a4eaec3571daf06b1a2f7b-V.jpg 1600w\" sizes=\"auto, (max-width: 300px) 100vw, 300px\" \/> <img loading=\"lazy\" decoding=\"async\" class=\"alignnone size-medium wp-image-493\" src=\"https:\/\/osvs.edu.ba\/wp-content\/uploads\/2022\/04\/IMG-e11dd36a0d7ca9cc917a31d7ba922ad8-V-300x200.jpg\" alt=\"\" width=\"300\" height=\"200\" srcset=\"https:\/\/osvs.edu.ba\/wp-content\/uploads\/2022\/04\/IMG-e11dd36a0d7ca9cc917a31d7ba922ad8-V-300x200.jpg 300w, https:\/\/osvs.edu.ba\/wp-content\/uploads\/2022\/04\/IMG-e11dd36a0d7ca9cc917a31d7ba922ad8-V-1024x682.jpg 1024w, https:\/\/osvs.edu.ba\/wp-content\/uploads\/2022\/04\/IMG-e11dd36a0d7ca9cc917a31d7ba922ad8-V-768x512.jpg 768w, https:\/\/osvs.edu.ba\/wp-content\/uploads\/2022\/04\/IMG-e11dd36a0d7ca9cc917a31d7ba922ad8-V-1536x1023.jpg 1536w, https:\/\/osvs.edu.ba\/wp-content\/uploads\/2022\/04\/IMG-e11dd36a0d7ca9cc917a31d7ba922ad8-V.jpg 1600w\" sizes=\"auto, (max-width: 300px) 100vw, 300px\" \/> <img loading=\"lazy\" decoding=\"async\" class=\"alignnone size-medium wp-image-494\" src=\"https:\/\/osvs.edu.ba\/wp-content\/uploads\/2022\/04\/IMG-fa7013c94ca5a91fc00afaed3b7147fa-V-300x225.jpg\" alt=\"\" width=\"300\" height=\"225\" srcset=\"https:\/\/osvs.edu.ba\/wp-content\/uploads\/2022\/04\/IMG-fa7013c94ca5a91fc00afaed3b7147fa-V-300x225.jpg 300w, https:\/\/osvs.edu.ba\/wp-content\/uploads\/2022\/04\/IMG-fa7013c94ca5a91fc00afaed3b7147fa-V-1024x768.jpg 1024w, https:\/\/osvs.edu.ba\/wp-content\/uploads\/2022\/04\/IMG-fa7013c94ca5a91fc00afaed3b7147fa-V-768x576.jpg 768w, https:\/\/osvs.edu.ba\/wp-content\/uploads\/2022\/04\/IMG-fa7013c94ca5a91fc00afaed3b7147fa-V-1536x1152.jpg 1536w, https:\/\/osvs.edu.ba\/wp-content\/uploads\/2022\/04\/IMG-fa7013c94ca5a91fc00afaed3b7147fa-V.jpg 1600w\" sizes=\"auto, (max-width: 300px) 100vw, 300px\" \/> <img loading=\"lazy\" decoding=\"async\" class=\"alignnone size-medium wp-image-495\" src=\"https:\/\/osvs.edu.ba\/wp-content\/uploads\/2022\/04\/IMG-2317e75c780b47046adf75f3fdd580fb-V-197x300.jpg\" alt=\"\" width=\"197\" height=\"300\" srcset=\"https:\/\/osvs.edu.ba\/wp-content\/uploads\/2022\/04\/IMG-2317e75c780b47046adf75f3fdd580fb-V-197x300.jpg 197w, https:\/\/osvs.edu.ba\/wp-content\/uploads\/2022\/04\/IMG-2317e75c780b47046adf75f3fdd580fb-V-673x1024.jpg 673w, https:\/\/osvs.edu.ba\/wp-content\/uploads\/2022\/04\/IMG-2317e75c780b47046adf75f3fdd580fb-V-768x1168.jpg 768w, https:\/\/osvs.edu.ba\/wp-content\/uploads\/2022\/04\/IMG-2317e75c780b47046adf75f3fdd580fb-V.jpg 828w\" sizes=\"auto, (max-width: 197px) 100vw, 197px\" \/><\/p>\n","protected":false},"excerpt":{"rendered":"<p>Kroz projekat \u201cKulturno historijsko naslije\u0111e BiH\u201d koji je kreiran za djecu i mlade, JU CKM u saradnji sa Op\u0107inom Centar i osnovnim \u0161kolama sa podru\u010dja Op\u0107ine Centar, pro\u0161iriti \u0107e edukativne programe u cilju promocije dosada\u0161njih elemenata materijalne i nematerijalne kulturne ba\u0161tine Bosne i Hercegovine, promovi\u0161u\u0107i kulturno i historijsko naslije\u0111a BiH. Kroz razgovore, kreativne radove, radionice i izlo\u017ebe projekat \u0107e razvijati kod djece i u\u010denika ljubav prema kulturnom i umjetni\u010dkom djelovanju i na taj na\u010din promovisati kreativni razvoj, s namjerom motivisanja mladih da samostalno ili u grupama posjete historijske lokacije \u0161irom Bosne i Hercegovine, \u010dime se na direktan na\u010din promovi\u0161u i&#8230; <\/p>\n","protected":false},"author":3,"featured_media":0,"comment_status":"closed","ping_status":"closed","sticky":false,"template":"","format":"standard","meta":{"footnotes":""},"categories":[1],"tags":[],"class_list":["post-489","post","type-post","status-publish","format-standard","hentry","category-uncategorized"],"_links":{"self":[{"href":"https:\/\/osvs.edu.ba\/index.php\/wp-json\/wp\/v2\/posts\/489","targetHints":{"allow":["GET"]}}],"collection":[{"href":"https:\/\/osvs.edu.ba\/index.php\/wp-json\/wp\/v2\/posts"}],"about":[{"href":"https:\/\/osvs.edu.ba\/index.php\/wp-json\/wp\/v2\/types\/post"}],"author":[{"embeddable":true,"href":"https:\/\/osvs.edu.ba\/index.php\/wp-json\/wp\/v2\/users\/3"}],"replies":[{"embeddable":true,"href":"https:\/\/osvs.edu.ba\/index.php\/wp-json\/wp\/v2\/comments?post=489"}],"version-history":[{"count":1,"href":"https:\/\/osvs.edu.ba\/index.php\/wp-json\/wp\/v2\/posts\/489\/revisions"}],"predecessor-version":[{"id":496,"href":"https:\/\/osvs.edu.ba\/index.php\/wp-json\/wp\/v2\/posts\/489\/revisions\/496"}],"wp:attachment":[{"href":"https:\/\/osvs.edu.ba\/index.php\/wp-json\/wp\/v2\/media?parent=489"}],"wp:term":[{"taxonomy":"category","embeddable":true,"href":"https:\/\/osvs.edu.ba\/index.php\/wp-json\/wp\/v2\/categories?post=489"},{"taxonomy":"post_tag","embeddable":true,"href":"https:\/\/osvs.edu.ba\/index.php\/wp-json\/wp\/v2\/tags?post=489"}],"curies":[{"name":"wp","href":"https:\/\/api.w.org\/{rel}","templated":true}]}}