{"id":3416,"date":"2026-04-28T06:42:36","date_gmt":"2026-04-28T06:42:36","guid":{"rendered":"https:\/\/osvs.edu.ba\/?p=3416"},"modified":"2026-04-28T06:43:48","modified_gmt":"2026-04-28T06:43:48","slug":"skolski-kalendar-praznik-rada","status":"publish","type":"post","link":"https:\/\/osvs.edu.ba\/index.php\/2026\/04\/28\/skolski-kalendar-praznik-rada\/","title":{"rendered":"\u0160KOLSKI KALENDAR  &#8211; PRAZNIK RADA"},"content":{"rendered":"<p>U skladu sa \u0160kolskim \/nastavnim kalendarom koji je donIjelo Ministarstvo za odgoj i obrazovanje a zbog obilje\u017eavanja Praznika rada nastava se ne\u0107e realizovati u petak 01.05.2026.godine. Nastava se redovno nastavlja u ponedjeljak 04.05.2026.godine po redovnim rasporedima. Svim u\u010denicima, roditeljima u\u010denika, radnicima \u0161kole, na\u0161im sugra\u0111anima upu\u0107ujemo srda\u010dne \u010destitke u povodu Praznika rada i Dana Op\u0107ine Centar uz sje\u0107anje na borce za radni\u010dka prava i branioce na\u0161e domovine Bosne i Herccegovina koji su 02.05.1992.godine odbranili na\u0161u Op\u0107inu i na\u0161 grad.<\/p>\n<p><img loading=\"lazy\" decoding=\"async\" class=\"alignnone size-medium wp-image-3417\" src=\"https:\/\/osvs.edu.ba\/wp-content\/uploads\/2026\/04\/praznik-rada-300x167.jpg\" alt=\"\" width=\"300\" height=\"167\" srcset=\"https:\/\/osvs.edu.ba\/wp-content\/uploads\/2026\/04\/praznik-rada-300x167.jpg 300w, https:\/\/osvs.edu.ba\/wp-content\/uploads\/2026\/04\/praznik-rada-1024x569.jpg 1024w, https:\/\/osvs.edu.ba\/wp-content\/uploads\/2026\/04\/praznik-rada-768x427.jpg 768w, https:\/\/osvs.edu.ba\/wp-content\/uploads\/2026\/04\/praznik-rada.jpg 1495w\" sizes=\"auto, (max-width: 300px) 100vw, 300px\" \/> <img loading=\"lazy\" decoding=\"async\" class=\"alignnone size-medium wp-image-3418\" src=\"https:\/\/osvs.edu.ba\/wp-content\/uploads\/2026\/04\/opcina-centar-nastavlja-finansijsku-podrsku-fudbalskom-klubu-sarajevo-large-300x163.jpg\" alt=\"\" width=\"300\" height=\"163\" srcset=\"https:\/\/osvs.edu.ba\/wp-content\/uploads\/2026\/04\/opcina-centar-nastavlja-finansijsku-podrsku-fudbalskom-klubu-sarajevo-large-300x163.jpg 300w, https:\/\/osvs.edu.ba\/wp-content\/uploads\/2026\/04\/opcina-centar-nastavlja-finansijsku-podrsku-fudbalskom-klubu-sarajevo-large-1024x555.jpg 1024w, https:\/\/osvs.edu.ba\/wp-content\/uploads\/2026\/04\/opcina-centar-nastavlja-finansijsku-podrsku-fudbalskom-klubu-sarajevo-large-768x416.jpg 768w, https:\/\/osvs.edu.ba\/wp-content\/uploads\/2026\/04\/opcina-centar-nastavlja-finansijsku-podrsku-fudbalskom-klubu-sarajevo-large.jpg 1200w\" sizes=\"auto, (max-width: 300px) 100vw, 300px\" \/><\/p>\n<p>&nbsp;<\/p>\n","protected":false},"excerpt":{"rendered":"<p>U skladu sa \u0160kolskim \/nastavnim kalendarom koji je donIjelo Ministarstvo za odgoj i obrazovanje a zbog obilje\u017eavanja Praznika rada nastava se ne\u0107e realizovati u petak 01.05.2026.godine. Nastava se redovno nastavlja u ponedjeljak 04.05.2026.godine po redovnim rasporedima. Svim u\u010denicima, roditeljima u\u010denika, radnicima \u0161kole, na\u0161im sugra\u0111anima upu\u0107ujemo srda\u010dne \u010destitke u povodu Praznika rada i Dana Op\u0107ine Centar uz sje\u0107anje na borce za radni\u010dka prava i branioce na\u0161e domovine Bosne i Herccegovina koji su 02.05.1992.godine odbranili na\u0161u Op\u0107inu i na\u0161 grad. &nbsp;<\/p>\n","protected":false},"author":3,"featured_media":0,"comment_status":"closed","ping_status":"closed","sticky":false,"template":"","format":"standard","meta":{"footnotes":""},"categories":[8,4],"tags":[],"class_list":["post-3416","post","type-post","status-publish","format-standard","hentry","category-nastava","category-obavjestanja"],"_links":{"self":[{"href":"https:\/\/osvs.edu.ba\/index.php\/wp-json\/wp\/v2\/posts\/3416","targetHints":{"allow":["GET"]}}],"collection":[{"href":"https:\/\/osvs.edu.ba\/index.php\/wp-json\/wp\/v2\/posts"}],"about":[{"href":"https:\/\/osvs.edu.ba\/index.php\/wp-json\/wp\/v2\/types\/post"}],"author":[{"embeddable":true,"href":"https:\/\/osvs.edu.ba\/index.php\/wp-json\/wp\/v2\/users\/3"}],"replies":[{"embeddable":true,"href":"https:\/\/osvs.edu.ba\/index.php\/wp-json\/wp\/v2\/comments?post=3416"}],"version-history":[{"count":1,"href":"https:\/\/osvs.edu.ba\/index.php\/wp-json\/wp\/v2\/posts\/3416\/revisions"}],"predecessor-version":[{"id":3419,"href":"https:\/\/osvs.edu.ba\/index.php\/wp-json\/wp\/v2\/posts\/3416\/revisions\/3419"}],"wp:attachment":[{"href":"https:\/\/osvs.edu.ba\/index.php\/wp-json\/wp\/v2\/media?parent=3416"}],"wp:term":[{"taxonomy":"category","embeddable":true,"href":"https:\/\/osvs.edu.ba\/index.php\/wp-json\/wp\/v2\/categories?post=3416"},{"taxonomy":"post_tag","embeddable":true,"href":"https:\/\/osvs.edu.ba\/index.php\/wp-json\/wp\/v2\/tags?post=3416"}],"curies":[{"name":"wp","href":"https:\/\/api.w.org\/{rel}","templated":true}]}}