{"id":3369,"date":"2026-03-17T10:52:22","date_gmt":"2026-03-17T10:52:22","guid":{"rendered":"https:\/\/osvs.edu.ba\/?p=3369"},"modified":"2026-03-17T10:52:22","modified_gmt":"2026-03-17T10:52:22","slug":"skolski-nastavni-kalendar-izmjene-rasporeda-za-srijedu-18-03-2026-godine","status":"publish","type":"post","link":"https:\/\/osvs.edu.ba\/index.php\/2026\/03\/17\/skolski-nastavni-kalendar-izmjene-rasporeda-za-srijedu-18-03-2026-godine\/","title":{"rendered":"\u0160KOLSKI\/NASTAVNI KALENDAR \u2013 IZMJENE RASPOREDA ZA SRIJEDU 18.03.2026.GODINE"},"content":{"rendered":"<p><strong>\u00a0<\/strong><strong>\u00a0\u00a0\u00a0\u00a0\u00a0\u00a0\u00a0\u00a0 <\/strong>U skladu sa \u0160kolskim\/Nastavnim kalendarom za \u0161kolsku 2025\/2026.godinu koji je donijelo Ministarstvo za odgoj i obrazovanje Kantona Sarajevo obavje\u0161tavamo u\u010denike, \u00a0roditelje u\u010denika, nastavnike\u00a0 i radnike \u0161kole\u00a0 da \u0107e u srijedu 18.03.2026.godine do\u0107i do izmjene u redovnom odvijanju nastave na na\u010din da \u0107e se nastava realizirati po rasporedu od petka. Kori\u0161tenje sale za tjelesni i zdravstveni odgoj ide tako\u0111er po rasporedu od petka i sale su dostupne za u\u010denike i nastavno osoblje.<\/p>\n<p>U petak 20.03.2026.godine nastava se ne\u0107e realizirati zbog obilje\u017eavanja Bajrama.<\/p>\n<p>Koristimo se prilikom da svim pripadnicima islamske vjeroispovijesti uputimo srda\u010dne \u010destitke u povodu zavr\u0161etka mjeseca Ramazana i dolasku mubarek Bajrama sa iskrenim \u017eeljama za dobro zdravlje, porodi\u010dnu sre\u0107u i uspjeh u \u017eivotu i radu. Neka nam ovaj Bajram donese mir, radost i \u00a0lijepo dru\u017eenje sa na\u0161im prijateljima i kom\u0161ijama.<\/p>\n<p>&nbsp;<\/p>\n<p><img loading=\"lazy\" decoding=\"async\" class=\"alignnone size-medium wp-image-3370\" src=\"https:\/\/osvs.edu.ba\/wp-content\/uploads\/2026\/03\/5cde873621b694a45384f783a5236712-209x300.jpg\" alt=\"\" width=\"209\" height=\"300\" srcset=\"https:\/\/osvs.edu.ba\/wp-content\/uploads\/2026\/03\/5cde873621b694a45384f783a5236712-209x300.jpg 209w, https:\/\/osvs.edu.ba\/wp-content\/uploads\/2026\/03\/5cde873621b694a45384f783a5236712-713x1024.jpg 713w, https:\/\/osvs.edu.ba\/wp-content\/uploads\/2026\/03\/5cde873621b694a45384f783a5236712-768x1103.jpg 768w, https:\/\/osvs.edu.ba\/wp-content\/uploads\/2026\/03\/5cde873621b694a45384f783a5236712.jpg 1014w\" sizes=\"auto, (max-width: 209px) 100vw, 209px\" \/> <img loading=\"lazy\" decoding=\"async\" class=\"alignnone size-medium wp-image-3371\" src=\"https:\/\/osvs.edu.ba\/wp-content\/uploads\/2026\/03\/OIP-15-215x300.webp\" alt=\"\" width=\"215\" height=\"300\" srcset=\"https:\/\/osvs.edu.ba\/wp-content\/uploads\/2026\/03\/OIP-15-215x300.webp 215w, https:\/\/osvs.edu.ba\/wp-content\/uploads\/2026\/03\/OIP-15.webp 474w\" sizes=\"auto, (max-width: 215px) 100vw, 215px\" \/><\/p>\n","protected":false},"excerpt":{"rendered":"<p>\u00a0\u00a0\u00a0\u00a0\u00a0\u00a0\u00a0\u00a0\u00a0 U skladu sa \u0160kolskim\/Nastavnim kalendarom za \u0161kolsku 2025\/2026.godinu koji je donijelo Ministarstvo za odgoj i obrazovanje Kantona Sarajevo obavje\u0161tavamo u\u010denike, \u00a0roditelje u\u010denika, nastavnike\u00a0 i radnike \u0161kole\u00a0 da \u0107e u srijedu 18.03.2026.godine do\u0107i do izmjene u redovnom odvijanju nastave na na\u010din da \u0107e se nastava realizirati po rasporedu od petka. Kori\u0161tenje sale za tjelesni i zdravstveni odgoj ide tako\u0111er po rasporedu od petka i sale su dostupne za u\u010denike i nastavno osoblje. U petak 20.03.2026.godine nastava se ne\u0107e realizirati zbog obilje\u017eavanja Bajrama. Koristimo se prilikom da svim pripadnicima islamske vjeroispovijesti uputimo srda\u010dne \u010destitke u povodu zavr\u0161etka mjeseca Ramazana i dolasku&#8230; <\/p>\n","protected":false},"author":3,"featured_media":0,"comment_status":"closed","ping_status":"closed","sticky":false,"template":"","format":"standard","meta":{"footnotes":""},"categories":[8,4],"tags":[],"class_list":["post-3369","post","type-post","status-publish","format-standard","hentry","category-nastava","category-obavjestanja"],"_links":{"self":[{"href":"https:\/\/osvs.edu.ba\/index.php\/wp-json\/wp\/v2\/posts\/3369","targetHints":{"allow":["GET"]}}],"collection":[{"href":"https:\/\/osvs.edu.ba\/index.php\/wp-json\/wp\/v2\/posts"}],"about":[{"href":"https:\/\/osvs.edu.ba\/index.php\/wp-json\/wp\/v2\/types\/post"}],"author":[{"embeddable":true,"href":"https:\/\/osvs.edu.ba\/index.php\/wp-json\/wp\/v2\/users\/3"}],"replies":[{"embeddable":true,"href":"https:\/\/osvs.edu.ba\/index.php\/wp-json\/wp\/v2\/comments?post=3369"}],"version-history":[{"count":1,"href":"https:\/\/osvs.edu.ba\/index.php\/wp-json\/wp\/v2\/posts\/3369\/revisions"}],"predecessor-version":[{"id":3372,"href":"https:\/\/osvs.edu.ba\/index.php\/wp-json\/wp\/v2\/posts\/3369\/revisions\/3372"}],"wp:attachment":[{"href":"https:\/\/osvs.edu.ba\/index.php\/wp-json\/wp\/v2\/media?parent=3369"}],"wp:term":[{"taxonomy":"category","embeddable":true,"href":"https:\/\/osvs.edu.ba\/index.php\/wp-json\/wp\/v2\/categories?post=3369"},{"taxonomy":"post_tag","embeddable":true,"href":"https:\/\/osvs.edu.ba\/index.php\/wp-json\/wp\/v2\/tags?post=3369"}],"curies":[{"name":"wp","href":"https:\/\/api.w.org\/{rel}","templated":true}]}}