{"id":3138,"date":"2025-10-27T13:32:21","date_gmt":"2025-10-27T13:32:21","guid":{"rendered":"https:\/\/osvs.edu.ba\/?p=3138"},"modified":"2025-10-27T13:32:21","modified_gmt":"2025-10-27T13:32:21","slug":"obavjestenje-o-raspisivanju-javnog-konkursa-za-prijem-radnika-u-osnovnim-i-srednjim-skolama-kao-javnim-ustanovama-na-podrucju-kantona-sarajevo","status":"publish","type":"post","link":"https:\/\/osvs.edu.ba\/index.php\/2025\/10\/27\/obavjestenje-o-raspisivanju-javnog-konkursa-za-prijem-radnika-u-osnovnim-i-srednjim-skolama-kao-javnim-ustanovama-na-podrucju-kantona-sarajevo\/","title":{"rendered":"Obavje\u0161tenje o raspisivanju Javnog konkursa za prijem radnika u osnovnim i srednjim \u0161kolama kao javnim ustanovama na podru\u010dju Kantona Sarajevo"},"content":{"rendered":"<div class=\"field field--name-body field--type-text-with-summary field--label-hidden field__item\">\n<p>Po\u0161tovani,<\/p>\n<p>Ministarstvo za odgoj i obrazovanje Kantona Sarajevo informi\u0161e \u0161kole i javnost da \u0107e se konkursi za prijem radnika u osnovnim i srednjim \u0161kolama, kao javnim ustanovama, objavljivati i provoditi putem\u00a0<strong>Modula EMIS sistema \u2013 Zbrinjavanje i zapo\u0161ljavanje radnika<\/strong>\u00a0(u daljem tekstu:\u00a0<strong>Modul<\/strong>), koji je korisnicima dostupan putem slu\u017ebene internet-stranice Ministarstva.<\/p>\n<p>Ovo obavje\u0161tenje Ministarstvo objavljuje\u00a0<strong>jednom godi\u0161nje<\/strong>\u00a0na svojoj slu\u017ebenoj internet-stranici, radi informisanja javnosti o na\u010dinu objavljivanja i provo\u0111enja konkursa putem Modula.<\/p>\n<p>Kompletan tekst javnog konkursa bi\u0107e objavljen dana 27.10.2025. godine na slu\u017ebenoj internet-stranici Ministarstva za odgoj i obrazovanje Kantona Sarajevo (u daljem tekstu:\u00a0<strong>Ministarstvo<\/strong>) \u2013\u00a0<a href=\"http:\/\/www.mo.ks.gov.ba\/\">http:\/\/www.mo.ks.gov.ba<\/a>, uz napomenu da \u0107e isti istovremeno biti dostavljen na objavu i Javnoj ustanovi\u00a0<strong>\u201eSlu\u017eba za zapo\u0161ljavanje Kantona Sarajevo\u201c<\/strong>, uz obaveznu naznaku\u00a0<strong>datuma isteka roka za prijavu<\/strong>.<\/p>\n<p>Prijava na javni konkurs podnosi se elektronski, putem Modula na web-adresi:\u00a0<a href=\"http:\/\/web.emis.edu.ba\/nastavnici\/\">http:\/\/web.emis.edu.ba\/nastavnici\/<\/a>, te \u0107e ista biti omogu\u0107ena od 10,00 sati 27.10.2025. godine.<br \/>\nJavni konkurs ostaje objavljen na slu\u017ebenoj internet-stranici Ministarstva\u00a0<strong>tokom cijelog perioda prijave<\/strong>, a rok za prijavu iznosi\u00a0<strong>osam (8) dana<\/strong>\u00a0od dana objave konkursa.<\/p>\n<p>Nakon okon\u010danja javnog konkursa, Ministarstvo \u0107e periodi\u010dno objavljivati javne konkurse za popunu upra\u017enjenih radnih mjesta u osnovnim i srednjim \u0161kolama kao javnim ustanovama, na slu\u017ebenoj internet-stranici Ministarstva\u00a0<a href=\"http:\/\/www.mo.ks.gov.ba\/\">http:\/\/www.mo.ks.gov.ba<\/a>, po zahtjevu \u0161kola i na osnovu odluke \u0161kolskog odbora o raspisivanju javnog konkursa za popunu upra\u017enjenih radnih mjesta.<\/p>\n<p>Korisni\u010dko uputstvo o na\u010dinu registracije, prijave kandidata i drugim aktivnostima u sistemu dostupno je svim korisnicima putem Modula.<\/p>\n<p>Sva pitanja u vezi eventualnih pote\u0161ko\u0107a, dodatnih informacija ili nejasno\u0107a korisnici\u00a0<strong>mogu dostavljati isklju\u010divo putem sistema podr\u0161ke dostupnog unutar Modula<\/strong>. Ministarstvo \u0107e osigurati pravovremeni odgovor na sva dostavljena pitanja kroz isti sistem.<\/p>\n<p>Sastavni dio ovog obavje\u0161tenja je i hodogram procesa i aktivnosti u modulu EMIS sistema na realizaciji konkursa za prijem radnika za ovaj javni konkurs.<\/p>\n<\/div>\n<div class=\"field field--name-field-image field--type-image field--label-hidden field__items\">\n<div class=\"field__item\">\n<div class=\"item-image\"><img decoding=\"async\" src=\"https:\/\/mo.ks.gov.ba\/sites\/mo.ks.gov.ba\/files\/2025-10\/1%20%281%29.jpg\" alt=\"\" \/><\/div>\n<\/div>\n<div class=\"field__item\">\n<div class=\"item-image\"><img decoding=\"async\" src=\"https:\/\/mo.ks.gov.ba\/sites\/mo.ks.gov.ba\/files\/2025-10\/2.jpg\" alt=\"\" \/><\/div>\n<\/div>\n<div class=\"field__item\">\n<div class=\"item-image\"><img decoding=\"async\" src=\"https:\/\/mo.ks.gov.ba\/sites\/mo.ks.gov.ba\/files\/2025-10\/3.jpg\" alt=\"\" \/><\/div>\n<\/div>\n<div class=\"field__item\">\n<div class=\"item-image\"><img decoding=\"async\" src=\"https:\/\/mo.ks.gov.ba\/sites\/mo.ks.gov.ba\/files\/2025-10\/4.jpg\" alt=\"\" \/><\/div>\n<\/div>\n<\/div>\n","protected":false},"excerpt":{"rendered":"<p>Po\u0161tovani, Ministarstvo za odgoj i obrazovanje Kantona Sarajevo informi\u0161e \u0161kole i javnost da \u0107e se konkursi za prijem radnika u osnovnim i srednjim \u0161kolama, kao javnim ustanovama, objavljivati i provoditi putem\u00a0Modula EMIS sistema \u2013 Zbrinjavanje i zapo\u0161ljavanje radnika\u00a0(u daljem tekstu:\u00a0Modul), koji je korisnicima dostupan putem slu\u017ebene internet-stranice Ministarstva. Ovo obavje\u0161tenje Ministarstvo objavljuje\u00a0jednom godi\u0161nje\u00a0na svojoj slu\u017ebenoj internet-stranici, radi informisanja javnosti o na\u010dinu objavljivanja i provo\u0111enja konkursa putem Modula. Kompletan tekst javnog konkursa bi\u0107e objavljen dana 27.10.2025. godine na slu\u017ebenoj internet-stranici Ministarstva za odgoj i obrazovanje Kantona Sarajevo (u daljem tekstu:\u00a0Ministarstvo) \u2013\u00a0http:\/\/www.mo.ks.gov.ba, uz napomenu da \u0107e isti istovremeno biti dostavljen na objavu&#8230; <\/p>\n","protected":false},"author":3,"featured_media":0,"comment_status":"closed","ping_status":"closed","sticky":false,"template":"","format":"standard","meta":{"footnotes":""},"categories":[14,4],"tags":[],"class_list":["post-3138","post","type-post","status-publish","format-standard","hentry","category-konkursi","category-obavjestanja"],"_links":{"self":[{"href":"https:\/\/osvs.edu.ba\/index.php\/wp-json\/wp\/v2\/posts\/3138","targetHints":{"allow":["GET"]}}],"collection":[{"href":"https:\/\/osvs.edu.ba\/index.php\/wp-json\/wp\/v2\/posts"}],"about":[{"href":"https:\/\/osvs.edu.ba\/index.php\/wp-json\/wp\/v2\/types\/post"}],"author":[{"embeddable":true,"href":"https:\/\/osvs.edu.ba\/index.php\/wp-json\/wp\/v2\/users\/3"}],"replies":[{"embeddable":true,"href":"https:\/\/osvs.edu.ba\/index.php\/wp-json\/wp\/v2\/comments?post=3138"}],"version-history":[{"count":1,"href":"https:\/\/osvs.edu.ba\/index.php\/wp-json\/wp\/v2\/posts\/3138\/revisions"}],"predecessor-version":[{"id":3139,"href":"https:\/\/osvs.edu.ba\/index.php\/wp-json\/wp\/v2\/posts\/3138\/revisions\/3139"}],"wp:attachment":[{"href":"https:\/\/osvs.edu.ba\/index.php\/wp-json\/wp\/v2\/media?parent=3138"}],"wp:term":[{"taxonomy":"category","embeddable":true,"href":"https:\/\/osvs.edu.ba\/index.php\/wp-json\/wp\/v2\/categories?post=3138"},{"taxonomy":"post_tag","embeddable":true,"href":"https:\/\/osvs.edu.ba\/index.php\/wp-json\/wp\/v2\/tags?post=3138"}],"curies":[{"name":"wp","href":"https:\/\/api.w.org\/{rel}","templated":true}]}}