{"id":3108,"date":"2025-10-14T07:07:55","date_gmt":"2025-10-14T07:07:55","guid":{"rendered":"https:\/\/osvs.edu.ba\/?p=3108"},"modified":"2025-10-14T07:07:55","modified_gmt":"2025-10-14T07:07:55","slug":"djecija-nedjelja-festival-hajde-svijete-budi-dijete","status":"publish","type":"post","link":"https:\/\/osvs.edu.ba\/index.php\/2025\/10\/14\/djecija-nedjelja-festival-hajde-svijete-budi-dijete\/","title":{"rendered":"DJE\u010cIJA NEDJELJA &#8211; FESTIVAL &#8220;HAJDE SVIJETE BUDI DIJETE&#8221;"},"content":{"rendered":"<div class=\"xdj266r x14z9mp xat24cr x1lziwak x1vvkbs x126k92a\">\n<div dir=\"auto\">Obavje\u0161tavamo u\u010denike, roditelje u\u010denika i nastavnike da \u0107e u okviru Festivala \u201eHajde svijete budi dijete\u201c koji organizuje Centar za kulturu Op\u0107ine Centar realizirati radionicatava \u201eGusar\u201c. Shodno dogovoru i odobrenom broju mjesta u sali predstavi \u201eGusar\u201c \u0107e prisustvovati u\u010denici drugih ( II-1, II-2) i III-2 razreda. Predstava \u0107e se odr\u017eati u prostorijama Centra za kulturu Jeli\u0107eva 15.10.2025.godine sa po\u010detkom u 12 sati. Predstava traje 45 minuta. Predstava \u201eGusar\u201c je vesela, razigrana, komi\u010dna ali i pou\u010dna predstava puna obrta, pa\u017eljivo oblikovanih iznena\u0111enja koja doprinose njenoj scenskoj puno\u0107i i \u010dine je dodatno zanimljivom. To je pri\u010da o djetinjstvu i ma\u0161tanju, spoznajama i odrastanju, kao i suo\u010davanju sa posljedicama u\u010dinjenog, pa bilo to \u010dinjeno u snu ili na javi. Bogato likovno opremljena, uz originalne songove, pri\u010da nas vodi u svijet ma\u0161te iz koga spoznajemo stvarnost. Na predstavu \u0107e se krenuti ispred \u0161kole u 11 sati i u koloni \u0107e se kretati do Centra za kulturu, povratak pred \u0161kolu poslije predstave oko 13 sati i 30 minuta.<\/div>\n<div dir=\"auto\">Obavje\u0161tavamo u\u010denike, roditelje u\u010denika i nastavnike da \u0107e u okviru Festivala \u201eHajde svijete budi dijete\u201c koji organizuje Centar za kulturu Op\u0107ine Centar realizirati radionica za djecu pod nazivom \u201eMozgaonica\u201c . Shodno dogovoru i kapacitetu sale na radionici \u0107e u\u010destvovati u\u010denici III-1 razreda. Radionica \u0107e se odr\u017eati u galeriji Centra za kulturu Jeli\u0107eva 15.10.2025.godine sa po\u010detkom u 11 sati. Radionica traje 90 minuta. Na radionicu u\u010denici idu u pratnji u\u010diteljice, polazak ispred \u0161kole je u 10 sati i 15 minuta., povratak pred \u0161kolu oko 13 sati..<\/div>\n<\/div>\n<div class=\"x14z9mp xat24cr x1lziwak x1vvkbs xtlvy1s x126k92a\">\n<div dir=\"auto\">Molimo u\u010denike za pristjno pona\u0161anje na predstavi, kao i na putu od \u0161kole do Centra za kulturu i nazad.<\/div>\n<div dir=\"auto\"><img loading=\"lazy\" decoding=\"async\" class=\"alignnone size-medium wp-image-3109\" src=\"https:\/\/osvs.edu.ba\/wp-content\/uploads\/2025\/10\/djeciji-212x300.jpg\" alt=\"\" width=\"212\" height=\"300\" srcset=\"https:\/\/osvs.edu.ba\/wp-content\/uploads\/2025\/10\/djeciji-212x300.jpg 212w, https:\/\/osvs.edu.ba\/wp-content\/uploads\/2025\/10\/djeciji-724x1024.jpg 724w, https:\/\/osvs.edu.ba\/wp-content\/uploads\/2025\/10\/djeciji-768x1086.jpg 768w, https:\/\/osvs.edu.ba\/wp-content\/uploads\/2025\/10\/djeciji-1086x1536.jpg 1086w, https:\/\/osvs.edu.ba\/wp-content\/uploads\/2025\/10\/djeciji.jpg 1417w\" sizes=\"auto, (max-width: 212px) 100vw, 212px\" \/> <img loading=\"lazy\" decoding=\"async\" class=\"alignnone size-medium wp-image-3110\" src=\"https:\/\/osvs.edu.ba\/wp-content\/uploads\/2025\/10\/OIP-4-300x200.webp\" alt=\"\" width=\"300\" height=\"200\" srcset=\"https:\/\/osvs.edu.ba\/wp-content\/uploads\/2025\/10\/OIP-4-300x200.webp 300w, https:\/\/osvs.edu.ba\/wp-content\/uploads\/2025\/10\/OIP-4.webp 474w\" sizes=\"auto, (max-width: 300px) 100vw, 300px\" \/> <img loading=\"lazy\" decoding=\"async\" class=\"alignnone size-medium wp-image-3111\" src=\"https:\/\/osvs.edu.ba\/wp-content\/uploads\/2025\/10\/PLAKAT-GUSAR-e-225x300.jpg\" alt=\"\" width=\"225\" height=\"300\" srcset=\"https:\/\/osvs.edu.ba\/wp-content\/uploads\/2025\/10\/PLAKAT-GUSAR-e-225x300.jpg 225w, https:\/\/osvs.edu.ba\/wp-content\/uploads\/2025\/10\/PLAKAT-GUSAR-e-768x1024.jpg 768w, https:\/\/osvs.edu.ba\/wp-content\/uploads\/2025\/10\/PLAKAT-GUSAR-e-1152x1536.jpg 1152w, https:\/\/osvs.edu.ba\/wp-content\/uploads\/2025\/10\/PLAKAT-GUSAR-e-1536x2048.jpg 1536w, https:\/\/osvs.edu.ba\/wp-content\/uploads\/2025\/10\/PLAKAT-GUSAR-e-scaled.jpg 1920w\" sizes=\"auto, (max-width: 225px) 100vw, 225px\" \/><\/div>\n<\/div>\n","protected":false},"excerpt":{"rendered":"<p>Obavje\u0161tavamo u\u010denike, roditelje u\u010denika i nastavnike da \u0107e u okviru Festivala \u201eHajde svijete budi dijete\u201c koji organizuje Centar za kulturu Op\u0107ine Centar realizirati radionicatava \u201eGusar\u201c. Shodno dogovoru i odobrenom broju mjesta u sali predstavi \u201eGusar\u201c \u0107e prisustvovati u\u010denici drugih ( II-1, II-2) i III-2 razreda. Predstava \u0107e se odr\u017eati u prostorijama Centra za kulturu Jeli\u0107eva 15.10.2025.godine sa po\u010detkom u 12 sati. Predstava traje 45 minuta. Predstava \u201eGusar\u201c je vesela, razigrana, komi\u010dna ali i pou\u010dna predstava puna obrta, pa\u017eljivo oblikovanih iznena\u0111enja koja doprinose njenoj scenskoj puno\u0107i i \u010dine je dodatno zanimljivom. To je pri\u010da o djetinjstvu i ma\u0161tanju, spoznajama i odrastanju,&#8230; <\/p>\n","protected":false},"author":3,"featured_media":0,"comment_status":"closed","ping_status":"closed","sticky":false,"template":"","format":"standard","meta":{"footnotes":""},"categories":[8,4],"tags":[],"class_list":["post-3108","post","type-post","status-publish","format-standard","hentry","category-nastava","category-obavjestanja"],"_links":{"self":[{"href":"https:\/\/osvs.edu.ba\/index.php\/wp-json\/wp\/v2\/posts\/3108","targetHints":{"allow":["GET"]}}],"collection":[{"href":"https:\/\/osvs.edu.ba\/index.php\/wp-json\/wp\/v2\/posts"}],"about":[{"href":"https:\/\/osvs.edu.ba\/index.php\/wp-json\/wp\/v2\/types\/post"}],"author":[{"embeddable":true,"href":"https:\/\/osvs.edu.ba\/index.php\/wp-json\/wp\/v2\/users\/3"}],"replies":[{"embeddable":true,"href":"https:\/\/osvs.edu.ba\/index.php\/wp-json\/wp\/v2\/comments?post=3108"}],"version-history":[{"count":1,"href":"https:\/\/osvs.edu.ba\/index.php\/wp-json\/wp\/v2\/posts\/3108\/revisions"}],"predecessor-version":[{"id":3112,"href":"https:\/\/osvs.edu.ba\/index.php\/wp-json\/wp\/v2\/posts\/3108\/revisions\/3112"}],"wp:attachment":[{"href":"https:\/\/osvs.edu.ba\/index.php\/wp-json\/wp\/v2\/media?parent=3108"}],"wp:term":[{"taxonomy":"category","embeddable":true,"href":"https:\/\/osvs.edu.ba\/index.php\/wp-json\/wp\/v2\/categories?post=3108"},{"taxonomy":"post_tag","embeddable":true,"href":"https:\/\/osvs.edu.ba\/index.php\/wp-json\/wp\/v2\/tags?post=3108"}],"curies":[{"name":"wp","href":"https:\/\/api.w.org\/{rel}","templated":true}]}}