{"id":3096,"date":"2025-10-03T06:36:28","date_gmt":"2025-10-03T06:36:28","guid":{"rendered":"https:\/\/osvs.edu.ba\/?p=3096"},"modified":"2025-10-03T06:44:08","modified_gmt":"2025-10-03T06:44:08","slug":"skolski-kalendar-obiljezavanje-dana-ucitelja-nastavnika","status":"publish","type":"post","link":"https:\/\/osvs.edu.ba\/index.php\/2025\/10\/03\/skolski-kalendar-obiljezavanje-dana-ucitelja-nastavnika\/","title":{"rendered":"\u0160KOLSKI KALENDAR \u2013 OBILJE\u017dAVANJE DANA  U\u010cITELJA\/NASTAVNIKA"},"content":{"rendered":"<p>Svjetski dan u\u010ditelja, koji se svake godine obilje\u017eava 5. oktobra, nije samo datum u kalendaru. To je dan kada slavimo strast, predanost i nevjerojatnu snagu koju prosvjetni radnici unose u na\u0161e \u017eivote. Ovaj poseban dan pru\u017ea nam priliku da se zahvalimo u\u010diteljima, onim svjetionicima znanja koji oblikuju budu\u0107nost na\u0161ih zajednica i \u010dije ime \u010desto spominjemo s ponosom.<\/p>\n<p>Svjetski dan u\u010ditelja proglasio je UNESCO 1994. godine, prisje\u0107aju\u0107i se 1966. godine kada je potpisana Preporuka o statusu u\u010ditelja. Ovaj datum nas podsje\u0107a na va\u017enost podr\u0161ke i za\u0161tite prava u\u010ditelja, koji su temelj svakog dru\u0161tva, a posebno u kontekstu Bosne i Hercegovine, gdje u\u010ditelji \u010desto igraju ulogu ne samo obrazovatelja, ve\u0107 i mentora i vo\u0111a u svojim zajednicama.<\/p>\n<p>Obavje\u0161tavamo u\u010denike, roditelje u\u010denika i radnike \u0161kole da \u0107e u skladu sa \u0160kolskim\/Nastavnim kalendarom do\u0107i do izmjene u redovnom odvijanju nastave zbog obilje\u017eavanja Dana u\u010ditelja\/nastavnika. Ponedjeljak 06.10.2025.godine je nenastavni dan i taj dan ne\u0107e biti organizovana i realizirana nastava. Tako\u0111er, u ponedjeljak 06.10.2025.godine ne\u0107e radi produ\u017eeni boravak \u0161kole.<\/p>\n<p>Nastava se redovno nastavlja u utorak 07.10.2025.godine po redovnim rasporedima.<\/p>\n<p>Koristimo se prilikom da svim u\u010diteljima, nastavnicima, prosvjetnim radnicima i radnicima svih odgojno-obrazovnih ustanova uputimo srda\u010dne \u010destitke u povodu obilje\u017eavanja\u00a0 Dana u\u010ditelja\/nastavnika sa \u017eeljama za dobro zdravlje, porodi\u010dnu sre\u0107u, uspjeh u \u017eivotu i radu. Nadamo se da \u0107e u\u010ditelji i nastavnici vrijedno nastaviti svoj rad u obrazovanju, odgajanju i oblikovanju novih generaciju bez obzira na izazove sa kojima se susre\u0107u jer biti u\u010ditelj nije lako i ne mo\u017ee to raditi svako<\/p>\n<p><img loading=\"lazy\" decoding=\"async\" class=\"alignnone size-medium wp-image-3097\" src=\"https:\/\/osvs.edu.ba\/wp-content\/uploads\/2025\/10\/danucitelja-300x200.jpg\" alt=\"\" width=\"300\" height=\"200\" srcset=\"https:\/\/osvs.edu.ba\/wp-content\/uploads\/2025\/10\/danucitelja-300x200.jpg 300w, https:\/\/osvs.edu.ba\/wp-content\/uploads\/2025\/10\/danucitelja-1024x683.jpg 1024w, https:\/\/osvs.edu.ba\/wp-content\/uploads\/2025\/10\/danucitelja-768x512.jpg 768w, https:\/\/osvs.edu.ba\/wp-content\/uploads\/2025\/10\/danucitelja-1536x1024.jpg 1536w, https:\/\/osvs.edu.ba\/wp-content\/uploads\/2025\/10\/danucitelja.jpg 2048w\" sizes=\"auto, (max-width: 300px) 100vw, 300px\" \/> <img loading=\"lazy\" decoding=\"async\" class=\"alignnone size-medium wp-image-3098\" src=\"https:\/\/osvs.edu.ba\/wp-content\/uploads\/2025\/10\/Dan_ucitelja-300x172.jpg\" alt=\"\" width=\"300\" height=\"172\" srcset=\"https:\/\/osvs.edu.ba\/wp-content\/uploads\/2025\/10\/Dan_ucitelja-300x172.jpg 300w, https:\/\/osvs.edu.ba\/wp-content\/uploads\/2025\/10\/Dan_ucitelja-1024x585.jpg 1024w, https:\/\/osvs.edu.ba\/wp-content\/uploads\/2025\/10\/Dan_ucitelja-768x439.jpg 768w, https:\/\/osvs.edu.ba\/wp-content\/uploads\/2025\/10\/Dan_ucitelja.jpg 1200w\" sizes=\"auto, (max-width: 300px) 100vw, 300px\" \/> <img loading=\"lazy\" decoding=\"async\" class=\"alignnone size-medium wp-image-3100\" src=\"https:\/\/osvs.edu.ba\/wp-content\/uploads\/2025\/10\/download-2.webp\" alt=\"\" width=\"298\" height=\"180\" srcset=\"https:\/\/osvs.edu.ba\/wp-content\/uploads\/2025\/10\/download-2.webp 298w, https:\/\/osvs.edu.ba\/wp-content\/uploads\/2025\/10\/download-2-240x145.webp 240w\" sizes=\"auto, (max-width: 298px) 100vw, 298px\" \/><\/p>\n","protected":false},"excerpt":{"rendered":"<p>Svjetski dan u\u010ditelja, koji se svake godine obilje\u017eava 5. oktobra, nije samo datum u kalendaru. To je dan kada slavimo strast, predanost i nevjerojatnu snagu koju prosvjetni radnici unose u na\u0161e \u017eivote. Ovaj poseban dan pru\u017ea nam priliku da se zahvalimo u\u010diteljima, onim svjetionicima znanja koji oblikuju budu\u0107nost na\u0161ih zajednica i \u010dije ime \u010desto spominjemo s ponosom. Svjetski dan u\u010ditelja proglasio je UNESCO 1994. godine, prisje\u0107aju\u0107i se 1966. godine kada je potpisana Preporuka o statusu u\u010ditelja. Ovaj datum nas podsje\u0107a na va\u017enost podr\u0161ke i za\u0161tite prava u\u010ditelja, koji su temelj svakog dru\u0161tva, a posebno u kontekstu Bosne i Hercegovine, gdje&#8230; <\/p>\n","protected":false},"author":3,"featured_media":0,"comment_status":"closed","ping_status":"closed","sticky":false,"template":"","format":"standard","meta":{"footnotes":""},"categories":[8,4],"tags":[],"class_list":["post-3096","post","type-post","status-publish","format-standard","hentry","category-nastava","category-obavjestanja"],"_links":{"self":[{"href":"https:\/\/osvs.edu.ba\/index.php\/wp-json\/wp\/v2\/posts\/3096","targetHints":{"allow":["GET"]}}],"collection":[{"href":"https:\/\/osvs.edu.ba\/index.php\/wp-json\/wp\/v2\/posts"}],"about":[{"href":"https:\/\/osvs.edu.ba\/index.php\/wp-json\/wp\/v2\/types\/post"}],"author":[{"embeddable":true,"href":"https:\/\/osvs.edu.ba\/index.php\/wp-json\/wp\/v2\/users\/3"}],"replies":[{"embeddable":true,"href":"https:\/\/osvs.edu.ba\/index.php\/wp-json\/wp\/v2\/comments?post=3096"}],"version-history":[{"count":3,"href":"https:\/\/osvs.edu.ba\/index.php\/wp-json\/wp\/v2\/posts\/3096\/revisions"}],"predecessor-version":[{"id":3103,"href":"https:\/\/osvs.edu.ba\/index.php\/wp-json\/wp\/v2\/posts\/3096\/revisions\/3103"}],"wp:attachment":[{"href":"https:\/\/osvs.edu.ba\/index.php\/wp-json\/wp\/v2\/media?parent=3096"}],"wp:term":[{"taxonomy":"category","embeddable":true,"href":"https:\/\/osvs.edu.ba\/index.php\/wp-json\/wp\/v2\/categories?post=3096"},{"taxonomy":"post_tag","embeddable":true,"href":"https:\/\/osvs.edu.ba\/index.php\/wp-json\/wp\/v2\/tags?post=3096"}],"curies":[{"name":"wp","href":"https:\/\/api.w.org\/{rel}","templated":true}]}}