{"id":3078,"date":"2025-10-01T14:13:09","date_gmt":"2025-10-01T14:13:09","guid":{"rendered":"https:\/\/osvs.edu.ba\/?p=3078"},"modified":"2025-10-01T14:14:32","modified_gmt":"2025-10-01T14:14:32","slug":"skola-planinarstva-drugi-planinarski-pohod-na-trebevic","status":"publish","type":"post","link":"https:\/\/osvs.edu.ba\/index.php\/2025\/10\/01\/skola-planinarstva-drugi-planinarski-pohod-na-trebevic\/","title":{"rendered":"\u0160KOLA PLANINARSTVA \u2013 DRUGI PLANINARSKI POHOD NA TREBEVI\u0106"},"content":{"rendered":"<p>Obavje\u0161tavamo u\u010denike sedmih razreda, roditelje u\u010denika sedmih razreda i radnike \u0161kole da \u0107e se u skladu sa Operativnim planom \u0161kole planinarstva \u00a0u \u010detvrtak 02.20.2025.godine realizovati drugi\u00a0 planinarski pohod na planinu Trebevi\u0107. Okupljanje u\u010denika ispred \u0161kole\u00a0 od\u00a0 7 sati i 30\u00a0 minuta. polazak ispred \u0161kole do parkinga Vrbanja \u00a0u 7 sati i 50 minuta. Autobus kre\u0107e ta\u010dno u 8,00 sati sa parkinga Vrbanja, povratak pred \u0161kolu do 15 sati. Planirani pohod obuhvata planinarsku turu Prvi \u0161umar ( Ravne) \u2013 Dobre vode- \u00a0Napretkov dom \u2013 Ravne \u2013Vidikovac &#8211; Ravne ukupne du\u017eine \u00a0oko 7,5 km, obilazak bob staze i platoa Vidikovac. Molimo u\u010denike da se adekvatno i slojevito odjenu i ponesu kabanice ili ki\u0161boran. Ponijeti \u00a0najmanje 1,5 litara teku\u0107ine (voda ili \u010daj). \u00a0Obu\u0107a treba da bude sa debljim gazi\u0161tem, po\u017eeljno planinarske cipele ili \u010dizmice sa gorotex mebranom. Vremenska prognoza nije ba\u0161 povoljna, jutro \u0107e biti hladnije a preko dana se o\u010dekuje obla\u010dno vrijeme sa mogu\u0107omsitnom ki\u0161om. \u00a0Po\u017eeljno je da u\u010denici \u00a0ponesu u\u017einu, zdrave grickalice (bademi, lje\u0161njaci, gro\u017e\u0111ice, ora\u0161asti plodovi), te energetsku plo\u010dicu ili \u010dokoladicu. Gazirana pi\u0107a i pr\u017eene grickalice se ne preporu\u010duju. Energetski napitci su strogo zabranjeni. Tako\u0111er, nephodno je da se ponesu manju prostirku za sjedenje. Svi u\u010denici koji imaju zdravstvenih problema o istim trebaju obavjestiti razrednike i odgovorne osobe iz \u0161kole. Na ovaj pohod u\u010denici \u0107e biti u pratnji nastavnice tjelesnog i zdravstvenog odgoja, razrednice i nastavnice likovne kuture. \u0160kola \u0107e imati planinarskog vodi\u010da kao podr\u0161ku tokom cijelog pohoda Na terenu je obezbje\u0111eno prisustvo hitne pomo\u0107i i GSS-a. Organizatori \u0107e na terenu donositi odluke o eventualnoj promjeni pravca kretanja, budu\u0107i da je mokra i vla\u017ena podloga verovatno \u0107e se kretanje usmjeriti na asfaltirane staze. O eventualnom skra\u0107ivanju pohda<\/p>\n<p>Molimo u\u010denike da svojim pona\u0161anjem doprinesu uspje\u0161noj realizaciji planiranih aktivnsti<\/p>\n<p>&nbsp;<\/p>\n<p><img loading=\"lazy\" decoding=\"async\" class=\"alignnone size-medium wp-image-3080\" src=\"https:\/\/osvs.edu.ba\/wp-content\/uploads\/2025\/10\/trebevic-1587637508-2-300x169.jpg\" alt=\"\" width=\"300\" height=\"169\" srcset=\"https:\/\/osvs.edu.ba\/wp-content\/uploads\/2025\/10\/trebevic-1587637508-2-300x169.jpg 300w, https:\/\/osvs.edu.ba\/wp-content\/uploads\/2025\/10\/trebevic-1587637508-2-1024x577.jpg 1024w, https:\/\/osvs.edu.ba\/wp-content\/uploads\/2025\/10\/trebevic-1587637508-2-768x433.jpg 768w, https:\/\/osvs.edu.ba\/wp-content\/uploads\/2025\/10\/trebevic-1587637508-2-1536x866.jpg 1536w, https:\/\/osvs.edu.ba\/wp-content\/uploads\/2025\/10\/trebevic-1587637508-2.jpg 1920w\" sizes=\"auto, (max-width: 300px) 100vw, 300px\" \/> <img loading=\"lazy\" decoding=\"async\" class=\"alignnone size-medium wp-image-3081\" src=\"https:\/\/osvs.edu.ba\/wp-content\/uploads\/2025\/10\/632-trebevic-3-1587637488-2-300x200.jpg\" alt=\"\" width=\"300\" height=\"200\" srcset=\"https:\/\/osvs.edu.ba\/wp-content\/uploads\/2025\/10\/632-trebevic-3-1587637488-2-300x200.jpg 300w, https:\/\/osvs.edu.ba\/wp-content\/uploads\/2025\/10\/632-trebevic-3-1587637488-2-1024x683.jpg 1024w, https:\/\/osvs.edu.ba\/wp-content\/uploads\/2025\/10\/632-trebevic-3-1587637488-2-768x512.jpg 768w, https:\/\/osvs.edu.ba\/wp-content\/uploads\/2025\/10\/632-trebevic-3-1587637488-2-1536x1024.jpg 1536w, https:\/\/osvs.edu.ba\/wp-content\/uploads\/2025\/10\/632-trebevic-3-1587637488-2.jpg 1920w\" sizes=\"auto, (max-width: 300px) 100vw, 300px\" \/> <img loading=\"lazy\" decoding=\"async\" class=\"alignnone size-medium wp-image-3082\" src=\"https:\/\/osvs.edu.ba\/wp-content\/uploads\/2025\/10\/OIP-2-300x199.webp\" alt=\"\" width=\"300\" height=\"199\" srcset=\"https:\/\/osvs.edu.ba\/wp-content\/uploads\/2025\/10\/OIP-2-300x199.webp 300w, https:\/\/osvs.edu.ba\/wp-content\/uploads\/2025\/10\/OIP-2.webp 474w\" sizes=\"auto, (max-width: 300px) 100vw, 300px\" \/> <img loading=\"lazy\" decoding=\"async\" class=\"alignnone size-medium wp-image-3083\" src=\"https:\/\/osvs.edu.ba\/wp-content\/uploads\/2025\/10\/trebevic-225x300.jpg\" alt=\"\" width=\"225\" height=\"300\" srcset=\"https:\/\/osvs.edu.ba\/wp-content\/uploads\/2025\/10\/trebevic-225x300.jpg 225w, https:\/\/osvs.edu.ba\/wp-content\/uploads\/2025\/10\/trebevic-768x1024.jpg 768w, https:\/\/osvs.edu.ba\/wp-content\/uploads\/2025\/10\/trebevic.jpg 950w\" sizes=\"auto, (max-width: 225px) 100vw, 225px\" \/><\/p>\n<p>&nbsp;<\/p>\n","protected":false},"excerpt":{"rendered":"<p>Obavje\u0161tavamo u\u010denike sedmih razreda, roditelje u\u010denika sedmih razreda i radnike \u0161kole da \u0107e se u skladu sa Operativnim planom \u0161kole planinarstva \u00a0u \u010detvrtak 02.20.2025.godine realizovati drugi\u00a0 planinarski pohod na planinu Trebevi\u0107. Okupljanje u\u010denika ispred \u0161kole\u00a0 od\u00a0 7 sati i 30\u00a0 minuta. polazak ispred \u0161kole do parkinga Vrbanja \u00a0u 7 sati i 50 minuta. Autobus kre\u0107e ta\u010dno u 8,00 sati sa parkinga Vrbanja, povratak pred \u0161kolu do 15 sati. Planirani pohod obuhvata planinarsku turu Prvi \u0161umar ( Ravne) \u2013 Dobre vode- \u00a0Napretkov dom \u2013 Ravne \u2013Vidikovac &#8211; Ravne ukupne du\u017eine \u00a0oko 7,5 km, obilazak bob staze i platoa Vidikovac. Molimo u\u010denike&#8230; <\/p>\n","protected":false},"author":3,"featured_media":0,"comment_status":"closed","ping_status":"closed","sticky":false,"template":"","format":"standard","meta":{"footnotes":""},"categories":[8,4],"tags":[],"class_list":["post-3078","post","type-post","status-publish","format-standard","hentry","category-nastava","category-obavjestanja"],"_links":{"self":[{"href":"https:\/\/osvs.edu.ba\/index.php\/wp-json\/wp\/v2\/posts\/3078","targetHints":{"allow":["GET"]}}],"collection":[{"href":"https:\/\/osvs.edu.ba\/index.php\/wp-json\/wp\/v2\/posts"}],"about":[{"href":"https:\/\/osvs.edu.ba\/index.php\/wp-json\/wp\/v2\/types\/post"}],"author":[{"embeddable":true,"href":"https:\/\/osvs.edu.ba\/index.php\/wp-json\/wp\/v2\/users\/3"}],"replies":[{"embeddable":true,"href":"https:\/\/osvs.edu.ba\/index.php\/wp-json\/wp\/v2\/comments?post=3078"}],"version-history":[{"count":3,"href":"https:\/\/osvs.edu.ba\/index.php\/wp-json\/wp\/v2\/posts\/3078\/revisions"}],"predecessor-version":[{"id":3085,"href":"https:\/\/osvs.edu.ba\/index.php\/wp-json\/wp\/v2\/posts\/3078\/revisions\/3085"}],"wp:attachment":[{"href":"https:\/\/osvs.edu.ba\/index.php\/wp-json\/wp\/v2\/media?parent=3078"}],"wp:term":[{"taxonomy":"category","embeddable":true,"href":"https:\/\/osvs.edu.ba\/index.php\/wp-json\/wp\/v2\/categories?post=3078"},{"taxonomy":"post_tag","embeddable":true,"href":"https:\/\/osvs.edu.ba\/index.php\/wp-json\/wp\/v2\/tags?post=3078"}],"curies":[{"name":"wp","href":"https:\/\/api.w.org\/{rel}","templated":true}]}}