{"id":3071,"date":"2025-09-22T08:19:41","date_gmt":"2025-09-22T08:19:41","guid":{"rendered":"https:\/\/osvs.edu.ba\/?p=3071"},"modified":"2025-09-22T08:19:41","modified_gmt":"2025-09-22T08:19:41","slug":"skola-planinarstva-prvi-planinarski-pohod","status":"publish","type":"post","link":"https:\/\/osvs.edu.ba\/index.php\/2025\/09\/22\/skola-planinarstva-prvi-planinarski-pohod\/","title":{"rendered":"\u0160KOLA PLANINARSTVA \u2013 PRVI PLANINARSKI POHOD"},"content":{"rendered":"<div dir=\"auto\">Obavje\u0161tavamo u\u010denike sedmih razreda, roditelje u\u010denika sedmih razreda i radnike \u0161kole da \u0107e se u skladu sa Operativnim planom \u0161kole planinarstva u utorak 23.09.2025.godine realizovati prvi planinarski pohod na planinu Igman \u2013 Ravna vala. Okupljanje u\u010denika ispred \u0161kole od 7 sati i 30 minuta. polazak ispred \u0161kole do parkinga Vrbanja u 7 sati i 50 minuta. Autobus kre\u0107e ta\u010dno u 8,00 sati sa parkinga Vrbanja, povratak pred \u0161kolu do 15 sati. Planirani pohod obuhvata planinarsku turu Veliko polje- Ravna vala ukupne du\u017eine 7,5 km, obilazak mezarja i spomen obilje\u017eja iz odbrambeno-oslobodila\u010dkog rata 92-95, obilazak spomen obilje\u017eja iz drugog svjetskog rata, te obilazak ratne d\u017eamije na Igmanu. Molimo u\u010denike da se slojevito odjenu i ponesu najmanje 1,5 litar teku\u0107ine (voda ili \u010daj). Obu\u0107a treba da bude sa debljim gazi\u0161tem, po\u017eeljno planinarske cipele ili \u010dizmice sa gorotex membranom. Vremenska prognoza je povoljna i bez padavina, jutro \u0107e biti svje\u017eije a preko dana \u0107e biti sun\u010dano sa temparaturama do 25 stepeni. Po\u017eeljno je da ponesu u\u017einu, zdrave grickalice (bademi , lje\u0161njaci, gro\u017e\u0111ice, ora\u0161asti plodovi), te energetsku plo\u010dicu ili \u010dokoladicu. Gazirana pi\u0107a i pr\u017eene grickalice se ne preporu\u010duju. Energetski napitci su strogo zabranjeni. U\u010denici trebaju ponijeti kapu ili neko drugo pokrivalo za glavu, sun\u010dane nao\u010dale, te se obavezno za\u0161tititi kremama za sun\u010danje i za\u0161titu ko\u017ee. Tako\u0111er, nephodno je da se ponesu prostirka za sjedenje. Svi u\u010denici koji imaju zdravstvenih problema o istim trebaju obavjestiti razrednike i odgovorne osobe iz \u0161kole. Na ovom pohodu u\u010denici \u0107e biti u pratnji direktora i psihologice \u0161kole a \u0161kola \u0107e imati planinarskog vodi\u010da kao podr\u0161ku. Na terenu je obezbje\u0111eno prisustvo hitne medicinske pomo\u0107i i GSS-a.<\/div>\n<div dir=\"auto\">Molimo u\u010denike da svojim pona\u0161anjem doprinesu uspje\u0161noj realizaciji planiranih aktivnsti<\/div>\n<div dir=\"auto\"><img loading=\"lazy\" decoding=\"async\" class=\"alignnone size-medium wp-image-3072\" src=\"https:\/\/osvs.edu.ba\/wp-content\/uploads\/2025\/09\/OIP-1-300x225.webp\" alt=\"\" width=\"300\" height=\"225\" srcset=\"https:\/\/osvs.edu.ba\/wp-content\/uploads\/2025\/09\/OIP-1-300x225.webp 300w, https:\/\/osvs.edu.ba\/wp-content\/uploads\/2025\/09\/OIP-1.webp 474w\" sizes=\"auto, (max-width: 300px) 100vw, 300px\" \/> <img loading=\"lazy\" decoding=\"async\" class=\"alignnone size-medium wp-image-3073\" src=\"https:\/\/osvs.edu.ba\/wp-content\/uploads\/2025\/09\/download-1-300x161.webp\" alt=\"\" width=\"300\" height=\"161\" srcset=\"https:\/\/osvs.edu.ba\/wp-content\/uploads\/2025\/09\/download-1-300x161.webp 300w, https:\/\/osvs.edu.ba\/wp-content\/uploads\/2025\/09\/download-1.webp 336w\" sizes=\"auto, (max-width: 300px) 100vw, 300px\" \/> <img loading=\"lazy\" decoding=\"async\" class=\"alignnone size-medium wp-image-3075\" src=\"https:\/\/osvs.edu.ba\/wp-content\/uploads\/2025\/09\/download-300x169.webp\" alt=\"\" width=\"300\" height=\"169\" srcset=\"https:\/\/osvs.edu.ba\/wp-content\/uploads\/2025\/09\/download-300x169.webp 300w, https:\/\/osvs.edu.ba\/wp-content\/uploads\/2025\/09\/download.webp 319w\" sizes=\"auto, (max-width: 300px) 100vw, 300px\" \/><\/div>\n","protected":false},"excerpt":{"rendered":"<p>Obavje\u0161tavamo u\u010denike sedmih razreda, roditelje u\u010denika sedmih razreda i radnike \u0161kole da \u0107e se u skladu sa Operativnim planom \u0161kole planinarstva u utorak 23.09.2025.godine realizovati prvi planinarski pohod na planinu Igman \u2013 Ravna vala. Okupljanje u\u010denika ispred \u0161kole od 7 sati i 30 minuta. polazak ispred \u0161kole do parkinga Vrbanja u 7 sati i 50 minuta. Autobus kre\u0107e ta\u010dno u 8,00 sati sa parkinga Vrbanja, povratak pred \u0161kolu do 15 sati. Planirani pohod obuhvata planinarsku turu Veliko polje- Ravna vala ukupne du\u017eine 7,5 km, obilazak mezarja i spomen obilje\u017eja iz odbrambeno-oslobodila\u010dkog rata 92-95, obilazak spomen obilje\u017eja iz drugog svjetskog rata,&#8230; <\/p>\n","protected":false},"author":3,"featured_media":0,"comment_status":"closed","ping_status":"closed","sticky":false,"template":"","format":"standard","meta":{"footnotes":""},"categories":[8,4],"tags":[],"class_list":["post-3071","post","type-post","status-publish","format-standard","hentry","category-nastava","category-obavjestanja"],"_links":{"self":[{"href":"https:\/\/osvs.edu.ba\/index.php\/wp-json\/wp\/v2\/posts\/3071","targetHints":{"allow":["GET"]}}],"collection":[{"href":"https:\/\/osvs.edu.ba\/index.php\/wp-json\/wp\/v2\/posts"}],"about":[{"href":"https:\/\/osvs.edu.ba\/index.php\/wp-json\/wp\/v2\/types\/post"}],"author":[{"embeddable":true,"href":"https:\/\/osvs.edu.ba\/index.php\/wp-json\/wp\/v2\/users\/3"}],"replies":[{"embeddable":true,"href":"https:\/\/osvs.edu.ba\/index.php\/wp-json\/wp\/v2\/comments?post=3071"}],"version-history":[{"count":1,"href":"https:\/\/osvs.edu.ba\/index.php\/wp-json\/wp\/v2\/posts\/3071\/revisions"}],"predecessor-version":[{"id":3076,"href":"https:\/\/osvs.edu.ba\/index.php\/wp-json\/wp\/v2\/posts\/3071\/revisions\/3076"}],"wp:attachment":[{"href":"https:\/\/osvs.edu.ba\/index.php\/wp-json\/wp\/v2\/media?parent=3071"}],"wp:term":[{"taxonomy":"category","embeddable":true,"href":"https:\/\/osvs.edu.ba\/index.php\/wp-json\/wp\/v2\/categories?post=3071"},{"taxonomy":"post_tag","embeddable":true,"href":"https:\/\/osvs.edu.ba\/index.php\/wp-json\/wp\/v2\/tags?post=3071"}],"curies":[{"name":"wp","href":"https:\/\/api.w.org\/{rel}","templated":true}]}}