{"id":306,"date":"2021-12-22T08:12:50","date_gmt":"2021-12-22T08:12:50","guid":{"rendered":"https:\/\/osvs.edu.ba\/?p=306"},"modified":"2021-12-22T09:14:20","modified_gmt":"2021-12-22T09:14:20","slug":"obavjestenje-petak-24-12-2021-godine-nenastavni-dan","status":"publish","type":"post","link":"https:\/\/osvs.edu.ba\/index.php\/2021\/12\/22\/obavjestenje-petak-24-12-2021-godine-nenastavni-dan\/","title":{"rendered":"OBAVJE\u0160TENJE &#8211; PETAK 24.12.2021.GODINE  NENASTAVNI DAN"},"content":{"rendered":"<p>Obavje\u0161tavamo sve u\u010denike, roditelje u\u010denika i nastavnice\/nastavnike da je u skladu sa Odllukom o izmjeni Odluke o \u0161kolskom kalendaru za \u0161kolsku 2021\/22. godinu koju je donijelo Ministarstvo za odgoj i obrazovanje petak 24.12.2021.godie ozna\u010den kao nenastavni dan i taj dan ne\u0107e biti realizovana nastava. Nastava se nastavlja u ponedjeljak 27.12.2021.godine prema redovnim rasporedima \u010dasova. Rad produ\u017eenog boravka za petak 24.12.2021.godine odvija se neometano, u skladu sa potrebama korisnika usluga produ\u017eenog boravka.<\/p>\n<p>Svim u\u010denicima, roditeljima, u\u010denike, radnicima \u0161kole i svim gra\u0111anima katoli\u010dke vjeoispovijesti upu\u0107ujemo srda\u010dne \u010destitke u povodu nastupaju\u0107eg blagdana Bo\u017ei\u0107a, sa iskrenim \u017eeljama da dobro zdravlje, obiteljsku sre\u0107u i dobro blagdansko raspolo\u017eenje.<\/p>\n","protected":false},"excerpt":{"rendered":"<p>Obavje\u0161tavamo sve u\u010denike, roditelje u\u010denika i nastavnice\/nastavnike da je u skladu sa Odllukom o izmjeni Odluke o \u0161kolskom kalendaru za \u0161kolsku 2021\/22. godinu koju je donijelo Ministarstvo za odgoj i obrazovanje petak 24.12.2021.godie ozna\u010den kao nenastavni dan i taj dan ne\u0107e biti realizovana nastava. Nastava se nastavlja u ponedjeljak 27.12.2021.godine prema redovnim rasporedima \u010dasova. Rad produ\u017eenog boravka za petak 24.12.2021.godine odvija se neometano, u skladu sa potrebama korisnika usluga produ\u017eenog boravka. Svim u\u010denicima, roditeljima, u\u010denike, radnicima \u0161kole i svim gra\u0111anima katoli\u010dke vjeoispovijesti upu\u0107ujemo srda\u010dne \u010destitke u povodu nastupaju\u0107eg blagdana Bo\u017ei\u0107a, sa iskrenim \u017eeljama da dobro zdravlje, obiteljsku sre\u0107u i dobro&#8230; <\/p>\n","protected":false},"author":3,"featured_media":0,"comment_status":"closed","ping_status":"closed","sticky":false,"template":"","format":"standard","meta":{"footnotes":""},"categories":[1],"tags":[],"class_list":["post-306","post","type-post","status-publish","format-standard","hentry","category-uncategorized"],"_links":{"self":[{"href":"https:\/\/osvs.edu.ba\/index.php\/wp-json\/wp\/v2\/posts\/306","targetHints":{"allow":["GET"]}}],"collection":[{"href":"https:\/\/osvs.edu.ba\/index.php\/wp-json\/wp\/v2\/posts"}],"about":[{"href":"https:\/\/osvs.edu.ba\/index.php\/wp-json\/wp\/v2\/types\/post"}],"author":[{"embeddable":true,"href":"https:\/\/osvs.edu.ba\/index.php\/wp-json\/wp\/v2\/users\/3"}],"replies":[{"embeddable":true,"href":"https:\/\/osvs.edu.ba\/index.php\/wp-json\/wp\/v2\/comments?post=306"}],"version-history":[{"count":1,"href":"https:\/\/osvs.edu.ba\/index.php\/wp-json\/wp\/v2\/posts\/306\/revisions"}],"predecessor-version":[{"id":307,"href":"https:\/\/osvs.edu.ba\/index.php\/wp-json\/wp\/v2\/posts\/306\/revisions\/307"}],"wp:attachment":[{"href":"https:\/\/osvs.edu.ba\/index.php\/wp-json\/wp\/v2\/media?parent=306"}],"wp:term":[{"taxonomy":"category","embeddable":true,"href":"https:\/\/osvs.edu.ba\/index.php\/wp-json\/wp\/v2\/categories?post=306"},{"taxonomy":"post_tag","embeddable":true,"href":"https:\/\/osvs.edu.ba\/index.php\/wp-json\/wp\/v2\/tags?post=306"}],"curies":[{"name":"wp","href":"https:\/\/api.w.org\/{rel}","templated":true}]}}