{"id":3040,"date":"2025-08-29T14:27:38","date_gmt":"2025-08-29T14:27:38","guid":{"rendered":"https:\/\/osvs.edu.ba\/?p=3040"},"modified":"2025-08-29T14:27:38","modified_gmt":"2025-08-29T14:27:38","slug":"obavjestenje-produzeni-boravak","status":"publish","type":"post","link":"https:\/\/osvs.edu.ba\/index.php\/2025\/08\/29\/obavjestenje-produzeni-boravak\/","title":{"rendered":"Obavje\u0161tenje &#8211; Produ\u017eeni boravak"},"content":{"rendered":"<p>Obavje\u0161tavamo sve zaiteresirane roditelje i u\u010denike da \u0107e produ\u017eeni boravak \u0161kole raditi od 01.09.2025.godine. \u0160kola \u0107e se potruditi da svi zaiteresirani u\u010denici i budu dio produ\u017eenog boravka na\u0161e \u0161kole. U mjesecu septembru \u0107emo raditi u ograni\u010denim prostornim kapacitetima a do kraja mjeseca o\u010dekujemo vi\u0161e prostora za produ\u017eeni boravak \u0161kole.<br class=\"html-br\" \/>Ministarstvo za odgoj obrazovanje Kantona Sarajevo jo\u0161 nije dostavilo cijenu usluga i ostale upute za rad produ\u017eenog boravka, informaciju o\u010dekujemo u narednim danima.<\/p>\n<p>Sve dileme \u0107emo zajedni\u010dki rije\u0161iti tokom naredne sedmice.<\/p>\n<p>Sretno<\/p>\n<p><img loading=\"lazy\" decoding=\"async\" class=\"alignnone wp-image-3041 size-full\" src=\"https:\/\/osvs.edu.ba\/wp-content\/uploads\/2025\/08\/OIP.webp\" alt=\"\" width=\"474\" height=\"203\" srcset=\"https:\/\/osvs.edu.ba\/wp-content\/uploads\/2025\/08\/OIP.webp 474w, https:\/\/osvs.edu.ba\/wp-content\/uploads\/2025\/08\/OIP-300x128.webp 300w\" sizes=\"auto, (max-width: 474px) 100vw, 474px\" \/><\/p>\n","protected":false},"excerpt":{"rendered":"<p>Obavje\u0161tavamo sve zaiteresirane roditelje i u\u010denike da \u0107e produ\u017eeni boravak \u0161kole raditi od 01.09.2025.godine. \u0160kola \u0107e se potruditi da svi zaiteresirani u\u010denici i budu dio produ\u017eenog boravka na\u0161e \u0161kole. U mjesecu septembru \u0107emo raditi u ograni\u010denim prostornim kapacitetima a do kraja mjeseca o\u010dekujemo vi\u0161e prostora za produ\u017eeni boravak \u0161kole.Ministarstvo za odgoj obrazovanje Kantona Sarajevo jo\u0161 nije dostavilo cijenu usluga i ostale upute za rad produ\u017eenog boravka, informaciju o\u010dekujemo u narednim danima. Sve dileme \u0107emo zajedni\u010dki rije\u0161iti tokom naredne sedmice. Sretno<\/p>\n","protected":false},"author":3,"featured_media":0,"comment_status":"closed","ping_status":"closed","sticky":false,"template":"","format":"standard","meta":{"footnotes":""},"categories":[8,4],"tags":[],"class_list":["post-3040","post","type-post","status-publish","format-standard","hentry","category-nastava","category-obavjestanja"],"_links":{"self":[{"href":"https:\/\/osvs.edu.ba\/index.php\/wp-json\/wp\/v2\/posts\/3040","targetHints":{"allow":["GET"]}}],"collection":[{"href":"https:\/\/osvs.edu.ba\/index.php\/wp-json\/wp\/v2\/posts"}],"about":[{"href":"https:\/\/osvs.edu.ba\/index.php\/wp-json\/wp\/v2\/types\/post"}],"author":[{"embeddable":true,"href":"https:\/\/osvs.edu.ba\/index.php\/wp-json\/wp\/v2\/users\/3"}],"replies":[{"embeddable":true,"href":"https:\/\/osvs.edu.ba\/index.php\/wp-json\/wp\/v2\/comments?post=3040"}],"version-history":[{"count":1,"href":"https:\/\/osvs.edu.ba\/index.php\/wp-json\/wp\/v2\/posts\/3040\/revisions"}],"predecessor-version":[{"id":3042,"href":"https:\/\/osvs.edu.ba\/index.php\/wp-json\/wp\/v2\/posts\/3040\/revisions\/3042"}],"wp:attachment":[{"href":"https:\/\/osvs.edu.ba\/index.php\/wp-json\/wp\/v2\/media?parent=3040"}],"wp:term":[{"taxonomy":"category","embeddable":true,"href":"https:\/\/osvs.edu.ba\/index.php\/wp-json\/wp\/v2\/categories?post=3040"},{"taxonomy":"post_tag","embeddable":true,"href":"https:\/\/osvs.edu.ba\/index.php\/wp-json\/wp\/v2\/tags?post=3040"}],"curies":[{"name":"wp","href":"https:\/\/api.w.org\/{rel}","templated":true}]}}