{"id":295,"date":"2021-12-14T09:29:26","date_gmt":"2021-12-14T09:29:26","guid":{"rendered":"https:\/\/osvs.edu.ba\/?p=295"},"modified":"2021-12-14T09:29:26","modified_gmt":"2021-12-14T09:29:26","slug":"novogodisnji-paketici","status":"publish","type":"post","link":"https:\/\/osvs.edu.ba\/index.php\/2021\/12\/14\/novogodisnji-paketici\/","title":{"rendered":"Novogodi\u0161nji paketi\u0107i"},"content":{"rendered":"<div dir=\"auto\">U saradnji sa Vije\u0107em roditelja na\u0161e \u0161kole organizujemo akciju prikupljanja novogodi\u0161njih paketi\u0107a za djecu u stanju socijalne potrebe u aktivnosti Crvenog kri\u017ea Op\u0107ine Centar. Pored toga, prikupljamo novogodi\u0161nje paketi\u0107e za na\u0161e drugare u Konjevi\u0107 Polju u sklopu aktivnosti koju organizuje Udru\u017eenje u\u010ditelja Kantona Sarajevo. Pozivamo sve zainteresirane da u skladu sa mogu\u0107nostima podr\u017ee ove aktivnosti i da zajedno obradujemo na\u0161e male drugare.<\/div>\n<div dir=\"auto\">Tvoje je samo ono \u0161to da\u0161<\/div>\n<div dir=\"auto\"><img loading=\"lazy\" decoding=\"async\" class=\"alignnone size-medium wp-image-296\" src=\"https:\/\/osvs.edu.ba\/wp-content\/uploads\/2021\/12\/Paketici-300x180.jpg\" alt=\"\" width=\"300\" height=\"180\" srcset=\"https:\/\/osvs.edu.ba\/wp-content\/uploads\/2021\/12\/Paketici-300x180.jpg 300w, https:\/\/osvs.edu.ba\/wp-content\/uploads\/2021\/12\/Paketici-240x145.jpg 240w, https:\/\/osvs.edu.ba\/wp-content\/uploads\/2021\/12\/Paketici.jpg 610w\" sizes=\"auto, (max-width: 300px) 100vw, 300px\" \/> <img loading=\"lazy\" decoding=\"async\" class=\"alignnone size-medium wp-image-297\" src=\"https:\/\/osvs.edu.ba\/wp-content\/uploads\/2021\/12\/poklon1-300x233.jpg\" alt=\"\" width=\"300\" height=\"233\" srcset=\"https:\/\/osvs.edu.ba\/wp-content\/uploads\/2021\/12\/poklon1-300x233.jpg 300w, https:\/\/osvs.edu.ba\/wp-content\/uploads\/2021\/12\/poklon1.jpg 610w\" sizes=\"auto, (max-width: 300px) 100vw, 300px\" \/><\/div>\n","protected":false},"excerpt":{"rendered":"<p>U saradnji sa Vije\u0107em roditelja na\u0161e \u0161kole organizujemo akciju prikupljanja novogodi\u0161njih paketi\u0107a za djecu u stanju socijalne potrebe u aktivnosti Crvenog kri\u017ea Op\u0107ine Centar. Pored toga, prikupljamo novogodi\u0161nje paketi\u0107e za na\u0161e drugare u Konjevi\u0107 Polju u sklopu aktivnosti koju organizuje Udru\u017eenje u\u010ditelja Kantona Sarajevo. Pozivamo sve zainteresirane da u skladu sa mogu\u0107nostima podr\u017ee ove aktivnosti i da zajedno obradujemo na\u0161e male drugare. Tvoje je samo ono \u0161to da\u0161<\/p>\n","protected":false},"author":3,"featured_media":0,"comment_status":"closed","ping_status":"closed","sticky":false,"template":"","format":"standard","meta":{"footnotes":""},"categories":[1],"tags":[],"class_list":["post-295","post","type-post","status-publish","format-standard","hentry","category-uncategorized"],"_links":{"self":[{"href":"https:\/\/osvs.edu.ba\/index.php\/wp-json\/wp\/v2\/posts\/295","targetHints":{"allow":["GET"]}}],"collection":[{"href":"https:\/\/osvs.edu.ba\/index.php\/wp-json\/wp\/v2\/posts"}],"about":[{"href":"https:\/\/osvs.edu.ba\/index.php\/wp-json\/wp\/v2\/types\/post"}],"author":[{"embeddable":true,"href":"https:\/\/osvs.edu.ba\/index.php\/wp-json\/wp\/v2\/users\/3"}],"replies":[{"embeddable":true,"href":"https:\/\/osvs.edu.ba\/index.php\/wp-json\/wp\/v2\/comments?post=295"}],"version-history":[{"count":1,"href":"https:\/\/osvs.edu.ba\/index.php\/wp-json\/wp\/v2\/posts\/295\/revisions"}],"predecessor-version":[{"id":298,"href":"https:\/\/osvs.edu.ba\/index.php\/wp-json\/wp\/v2\/posts\/295\/revisions\/298"}],"wp:attachment":[{"href":"https:\/\/osvs.edu.ba\/index.php\/wp-json\/wp\/v2\/media?parent=295"}],"wp:term":[{"taxonomy":"category","embeddable":true,"href":"https:\/\/osvs.edu.ba\/index.php\/wp-json\/wp\/v2\/categories?post=295"},{"taxonomy":"post_tag","embeddable":true,"href":"https:\/\/osvs.edu.ba\/index.php\/wp-json\/wp\/v2\/tags?post=295"}],"curies":[{"name":"wp","href":"https:\/\/api.w.org\/{rel}","templated":true}]}}