{"id":292,"date":"2021-12-06T09:03:04","date_gmt":"2021-12-06T09:03:04","guid":{"rendered":"https:\/\/osvs.edu.ba\/?p=292"},"modified":"2021-12-06T09:03:04","modified_gmt":"2021-12-06T09:03:04","slug":"izmjena-rasporeda-casova-za-srijedu-08-12-2021-godine","status":"publish","type":"post","link":"https:\/\/osvs.edu.ba\/index.php\/2021\/12\/06\/izmjena-rasporeda-casova-za-srijedu-08-12-2021-godine\/","title":{"rendered":"IZMJENA RASPOREDA \u010cASOVA ZA SRIJEDU 08.12.2021.GODINE"},"content":{"rendered":"<p>Obavje\u0161tavamo sve u\u010denike, roditelje u\u010denika i nastavnice\/nastavnike da \u0107e u skladu sa Odlukom o izmjeni Odluke o \u0161kolskom kalendaru za \u0161kolsku 2021\/22. godinu koju je donijelo Ministarstvo za odgoj i obrazovanje do\u0107i do promjene rasporeda \u010dasova za srijedu 08.12.2021,godine na na\u010din da \u0107e se taj dan realizovati nastava po rasporedu od petka.<\/p>\n<p>Molimo u\u010denike i nastavno osoblje da se pripreme za nastavu po rasporedu od petka na dan 08.12.2021.godine (srijeda)<\/p>\n","protected":false},"excerpt":{"rendered":"<p>Obavje\u0161tavamo sve u\u010denike, roditelje u\u010denika i nastavnice\/nastavnike da \u0107e u skladu sa Odlukom o izmjeni Odluke o \u0161kolskom kalendaru za \u0161kolsku 2021\/22. godinu koju je donijelo Ministarstvo za odgoj i obrazovanje do\u0107i do promjene rasporeda \u010dasova za srijedu 08.12.2021,godine na na\u010din da \u0107e se taj dan realizovati nastava po rasporedu od petka. Molimo u\u010denike i nastavno osoblje da se pripreme za nastavu po rasporedu od petka na dan 08.12.2021.godine (srijeda)<\/p>\n","protected":false},"author":3,"featured_media":0,"comment_status":"closed","ping_status":"closed","sticky":false,"template":"","format":"standard","meta":{"footnotes":""},"categories":[1],"tags":[],"class_list":["post-292","post","type-post","status-publish","format-standard","hentry","category-uncategorized"],"_links":{"self":[{"href":"https:\/\/osvs.edu.ba\/index.php\/wp-json\/wp\/v2\/posts\/292","targetHints":{"allow":["GET"]}}],"collection":[{"href":"https:\/\/osvs.edu.ba\/index.php\/wp-json\/wp\/v2\/posts"}],"about":[{"href":"https:\/\/osvs.edu.ba\/index.php\/wp-json\/wp\/v2\/types\/post"}],"author":[{"embeddable":true,"href":"https:\/\/osvs.edu.ba\/index.php\/wp-json\/wp\/v2\/users\/3"}],"replies":[{"embeddable":true,"href":"https:\/\/osvs.edu.ba\/index.php\/wp-json\/wp\/v2\/comments?post=292"}],"version-history":[{"count":1,"href":"https:\/\/osvs.edu.ba\/index.php\/wp-json\/wp\/v2\/posts\/292\/revisions"}],"predecessor-version":[{"id":293,"href":"https:\/\/osvs.edu.ba\/index.php\/wp-json\/wp\/v2\/posts\/292\/revisions\/293"}],"wp:attachment":[{"href":"https:\/\/osvs.edu.ba\/index.php\/wp-json\/wp\/v2\/media?parent=292"}],"wp:term":[{"taxonomy":"category","embeddable":true,"href":"https:\/\/osvs.edu.ba\/index.php\/wp-json\/wp\/v2\/categories?post=292"},{"taxonomy":"post_tag","embeddable":true,"href":"https:\/\/osvs.edu.ba\/index.php\/wp-json\/wp\/v2\/tags?post=292"}],"curies":[{"name":"wp","href":"https:\/\/api.w.org\/{rel}","templated":true}]}}