{"id":258,"date":"2021-11-23T07:47:41","date_gmt":"2021-11-23T07:47:41","guid":{"rendered":"https:\/\/osvs.edu.ba\/?p=258"},"modified":"2021-11-23T10:26:20","modified_gmt":"2021-11-23T10:26:20","slug":"obiljezavanje-dana-drzavnosti","status":"publish","type":"post","link":"https:\/\/osvs.edu.ba\/index.php\/2021\/11\/23\/obiljezavanje-dana-drzavnosti\/","title":{"rendered":"OBILJE\u017dAVANJE DANA DR\u017dAVNOSTI"},"content":{"rendered":"<p>Obavje\u0161tavamo sve u\u010denike, roditelje u\u010denika i nastavnice\/nastavnike da \u0107e u skladu sa Odllukom o izmjeni Odluke o \u0161kolskom kalendaru za \u0161kolsku 2021\/22. godinu do\u0107i do izmjene u redovnom odvijanju nastave. Nastava se ne\u0107e realizovati u \u010detvrtak 25.11.2021.godine i u petak 26.11.2021.godine. U petak 26.11.2021.godine shodno Obavijesti Ministarstva za odgoj i obrazovanje radi produ\u017eeni boravak \u0161kole za korisnike usluga. Nastava se redovno nastavlja u ponedjeljak 29.11.2021.godine prema va\u017ee\u0107im rasporedima. U \u0161koli \u0107e nizom aktivnosti biti obilje\u017een Dan dr\u017eavnosti uz u\u010de\u0161\u0107e ve\u0107eg broja u\u010denika i nastavnika. Za Dan dr\u017eavnosti organiziramo \u0161kolsku priredbu koja \u0107e se odr\u017eati u srijedu 24.11.2021.godine u 10 sati u muzi\u010dkoj sali \u0161kole. Priredba je namjenjena za u\u010denike prvih i drugog razreda zbog po\u0161tivanja epidemiolo\u0161kih mjera, a program su pripremili u\u010denici i nastavno osoblje \u0161kole. Prisustvo roditelja u\u010denika na \u0161kolskoj priredbi nije dozvoljeno zbog po\u0161tivanja epidemiolo\u0161kih mjera.<\/p>\n<p>Koristimo se prilikom da svim na\u0161im u\u010denicima, roditeljima u\u010denika, radnicima \u0161kole, prijateljima \u0161kole i svim gra\u0111anima na\u0161e domovine uputimo srda\u010dne \u010destitke u povodu Dana dr\u017eavanosti sa iskrenim \u017eeljama za prosperitet na\u0161e domovine i svih njenih gra\u0111ana u miru, zdravlju i veselju. Neka nam na\u0161a domovina Bosna i Hercegovina vje\u010dno \u017eivi.<\/p>\n<p><img loading=\"lazy\" decoding=\"async\" class=\"alignnone size-medium wp-image-259\" src=\"https:\/\/osvs.edu.ba\/wp-content\/uploads\/2021\/11\/zastava_bih_ilustracija_zastave_bih_SLRSA-300x175.jpg\" alt=\"\" width=\"300\" height=\"175\" srcset=\"https:\/\/osvs.edu.ba\/wp-content\/uploads\/2021\/11\/zastava_bih_ilustracija_zastave_bih_SLRSA-300x175.jpg 300w, https:\/\/osvs.edu.ba\/wp-content\/uploads\/2021\/11\/zastava_bih_ilustracija_zastave_bih_SLRSA-1024x597.jpg 1024w, https:\/\/osvs.edu.ba\/wp-content\/uploads\/2021\/11\/zastava_bih_ilustracija_zastave_bih_SLRSA-768x447.jpg 768w, https:\/\/osvs.edu.ba\/wp-content\/uploads\/2021\/11\/zastava_bih_ilustracija_zastave_bih_SLRSA.jpg 1181w\" sizes=\"auto, (max-width: 300px) 100vw, 300px\" \/> <img loading=\"lazy\" decoding=\"async\" class=\"alignnone size-medium wp-image-260\" src=\"https:\/\/osvs.edu.ba\/wp-content\/uploads\/2021\/11\/sLIDE-300x200.png\" alt=\"\" width=\"300\" height=\"200\" srcset=\"https:\/\/osvs.edu.ba\/wp-content\/uploads\/2021\/11\/sLIDE-300x200.png 300w, https:\/\/osvs.edu.ba\/wp-content\/uploads\/2021\/11\/sLIDE-768x512.png 768w, https:\/\/osvs.edu.ba\/wp-content\/uploads\/2021\/11\/sLIDE.png 948w\" sizes=\"auto, (max-width: 300px) 100vw, 300px\" \/><\/p>\n","protected":false},"excerpt":{"rendered":"<p>Obavje\u0161tavamo sve u\u010denike, roditelje u\u010denika i nastavnice\/nastavnike da \u0107e u skladu sa Odllukom o izmjeni Odluke o \u0161kolskom kalendaru za \u0161kolsku 2021\/22. godinu do\u0107i do izmjene u redovnom odvijanju nastave. Nastava se ne\u0107e realizovati u \u010detvrtak 25.11.2021.godine i u petak 26.11.2021.godine. U petak 26.11.2021.godine shodno Obavijesti Ministarstva za odgoj i obrazovanje radi produ\u017eeni boravak \u0161kole za korisnike usluga. Nastava se redovno nastavlja u ponedjeljak 29.11.2021.godine prema va\u017ee\u0107im rasporedima. U \u0161koli \u0107e nizom aktivnosti biti obilje\u017een Dan dr\u017eavnosti uz u\u010de\u0161\u0107e ve\u0107eg broja u\u010denika i nastavnika. Za Dan dr\u017eavnosti organiziramo \u0161kolsku priredbu koja \u0107e se odr\u017eati u srijedu 24.11.2021.godine u 10 sati&#8230; <\/p>\n","protected":false},"author":3,"featured_media":0,"comment_status":"closed","ping_status":"closed","sticky":false,"template":"","format":"standard","meta":{"footnotes":""},"categories":[1],"tags":[],"class_list":["post-258","post","type-post","status-publish","format-standard","hentry","category-uncategorized"],"_links":{"self":[{"href":"https:\/\/osvs.edu.ba\/index.php\/wp-json\/wp\/v2\/posts\/258","targetHints":{"allow":["GET"]}}],"collection":[{"href":"https:\/\/osvs.edu.ba\/index.php\/wp-json\/wp\/v2\/posts"}],"about":[{"href":"https:\/\/osvs.edu.ba\/index.php\/wp-json\/wp\/v2\/types\/post"}],"author":[{"embeddable":true,"href":"https:\/\/osvs.edu.ba\/index.php\/wp-json\/wp\/v2\/users\/3"}],"replies":[{"embeddable":true,"href":"https:\/\/osvs.edu.ba\/index.php\/wp-json\/wp\/v2\/comments?post=258"}],"version-history":[{"count":4,"href":"https:\/\/osvs.edu.ba\/index.php\/wp-json\/wp\/v2\/posts\/258\/revisions"}],"predecessor-version":[{"id":264,"href":"https:\/\/osvs.edu.ba\/index.php\/wp-json\/wp\/v2\/posts\/258\/revisions\/264"}],"wp:attachment":[{"href":"https:\/\/osvs.edu.ba\/index.php\/wp-json\/wp\/v2\/media?parent=258"}],"wp:term":[{"taxonomy":"category","embeddable":true,"href":"https:\/\/osvs.edu.ba\/index.php\/wp-json\/wp\/v2\/categories?post=258"},{"taxonomy":"post_tag","embeddable":true,"href":"https:\/\/osvs.edu.ba\/index.php\/wp-json\/wp\/v2\/tags?post=258"}],"curies":[{"name":"wp","href":"https:\/\/api.w.org\/{rel}","templated":true}]}}