{"id":2172,"date":"2024-06-14T13:17:34","date_gmt":"2024-06-14T13:17:34","guid":{"rendered":"https:\/\/osvs.edu.ba\/?p=2172"},"modified":"2024-06-14T13:17:34","modified_gmt":"2024-06-14T13:17:34","slug":"obiljezavanje-kurban-bajrama","status":"publish","type":"post","link":"https:\/\/osvs.edu.ba\/index.php\/2024\/06\/14\/obiljezavanje-kurban-bajrama\/","title":{"rendered":"Obilje\u017eavanje Kurban Bajrama"},"content":{"rendered":"<p>U PONEDJELJAK 17.06.2024.GODINE \u0160KOLA NE\u0106E RADITI ZBOG OBILJE\u017dAVANJA KURBAN BAJRAMA I OSTVARIVANJA PRAVA RADNIKA \u0160KOLE NA PLA\u0106ENO ODSUSTVO U SKLADU SA KOLEKTIVNIM UGOVOROM.<\/p>\n<p>PRODU\u017dENI BORAVAK \u0160KOLE ZBOG NAVEDENOG RAZLOGA NE\u0106E RADITI U PONEDJELJAK 17.06.2024.GODINE.<\/p>\n<p>\u0160KOLA \u0106E REDOVNO RADITI \u00a0U OD UTORKA 18.06.2024.GODINE, TO JEST BI\u0106E OTVORENA \u00a0OD 8 DO 16 SATI.<\/p>\n<p>&nbsp;<\/p>\n<p>SVIM U\u010cENICIMA, RODITELJIMA U\u010cENIKA, RADNICIMA, GRA\u0110ANIMA I PRIJATELJIMA \u0160KOLE ISLAMSKE VJEROISPOVIJESTI UPU\u0106UJEMO SRDA\u010cNE \u010cESTITKE U POVODU KURBAN BAJRAMA SA ISKRENIM \u017dELJAMA ZA DOBRO ZDRAVLJE, PORODI\u010cNU SRE\u0106U I LIJEPO BLAGDANSKO DRU\u017dENJE.<\/p>\n<p><img loading=\"lazy\" decoding=\"async\" class=\"alignnone size-medium wp-image-2082\" src=\"https:\/\/osvs.edu.ba\/wp-content\/uploads\/2024\/04\/f85c69e258fa1e3fd07e321cb5f74e94_XL-300x206.jpg\" alt=\"\" width=\"300\" height=\"206\" srcset=\"https:\/\/osvs.edu.ba\/wp-content\/uploads\/2024\/04\/f85c69e258fa1e3fd07e321cb5f74e94_XL-300x206.jpg 300w, https:\/\/osvs.edu.ba\/wp-content\/uploads\/2024\/04\/f85c69e258fa1e3fd07e321cb5f74e94_XL-768x528.jpg 768w, https:\/\/osvs.edu.ba\/wp-content\/uploads\/2024\/04\/f85c69e258fa1e3fd07e321cb5f74e94_XL.jpg 800w\" sizes=\"auto, (max-width: 300px) 100vw, 300px\" \/><\/p>\n<p>&nbsp;<\/p>\n","protected":false},"excerpt":{"rendered":"<p>U PONEDJELJAK 17.06.2024.GODINE \u0160KOLA NE\u0106E RADITI ZBOG OBILJE\u017dAVANJA KURBAN BAJRAMA I OSTVARIVANJA PRAVA RADNIKA \u0160KOLE NA PLA\u0106ENO ODSUSTVO U SKLADU SA KOLEKTIVNIM UGOVOROM. PRODU\u017dENI BORAVAK \u0160KOLE ZBOG NAVEDENOG RAZLOGA NE\u0106E RADITI U PONEDJELJAK 17.06.2024.GODINE. \u0160KOLA \u0106E REDOVNO RADITI \u00a0U OD UTORKA 18.06.2024.GODINE, TO JEST BI\u0106E OTVORENA \u00a0OD 8 DO 16 SATI. &nbsp; SVIM U\u010cENICIMA, RODITELJIMA U\u010cENIKA, RADNICIMA, GRA\u0110ANIMA I PRIJATELJIMA \u0160KOLE ISLAMSKE VJEROISPOVIJESTI UPU\u0106UJEMO SRDA\u010cNE \u010cESTITKE U POVODU KURBAN BAJRAMA SA ISKRENIM \u017dELJAMA ZA DOBRO ZDRAVLJE, PORODI\u010cNU SRE\u0106U I LIJEPO BLAGDANSKO DRU\u017dENJE. &nbsp;<\/p>\n","protected":false},"author":3,"featured_media":0,"comment_status":"closed","ping_status":"closed","sticky":false,"template":"","format":"standard","meta":{"footnotes":""},"categories":[4],"tags":[],"class_list":["post-2172","post","type-post","status-publish","format-standard","hentry","category-obavjestanja"],"_links":{"self":[{"href":"https:\/\/osvs.edu.ba\/index.php\/wp-json\/wp\/v2\/posts\/2172","targetHints":{"allow":["GET"]}}],"collection":[{"href":"https:\/\/osvs.edu.ba\/index.php\/wp-json\/wp\/v2\/posts"}],"about":[{"href":"https:\/\/osvs.edu.ba\/index.php\/wp-json\/wp\/v2\/types\/post"}],"author":[{"embeddable":true,"href":"https:\/\/osvs.edu.ba\/index.php\/wp-json\/wp\/v2\/users\/3"}],"replies":[{"embeddable":true,"href":"https:\/\/osvs.edu.ba\/index.php\/wp-json\/wp\/v2\/comments?post=2172"}],"version-history":[{"count":1,"href":"https:\/\/osvs.edu.ba\/index.php\/wp-json\/wp\/v2\/posts\/2172\/revisions"}],"predecessor-version":[{"id":2173,"href":"https:\/\/osvs.edu.ba\/index.php\/wp-json\/wp\/v2\/posts\/2172\/revisions\/2173"}],"wp:attachment":[{"href":"https:\/\/osvs.edu.ba\/index.php\/wp-json\/wp\/v2\/media?parent=2172"}],"wp:term":[{"taxonomy":"category","embeddable":true,"href":"https:\/\/osvs.edu.ba\/index.php\/wp-json\/wp\/v2\/categories?post=2172"},{"taxonomy":"post_tag","embeddable":true,"href":"https:\/\/osvs.edu.ba\/index.php\/wp-json\/wp\/v2\/tags?post=2172"}],"curies":[{"name":"wp","href":"https:\/\/api.w.org\/{rel}","templated":true}]}}