{"id":185,"date":"2021-09-21T14:18:33","date_gmt":"2021-09-21T14:18:33","guid":{"rendered":"https:\/\/osvs.edu.ba\/?p=185"},"modified":"2021-09-21T14:18:33","modified_gmt":"2021-09-21T14:18:33","slug":"ponistenje-dijela-javnog-konkursa-od-03-08-2021-godine","status":"publish","type":"post","link":"https:\/\/osvs.edu.ba\/index.php\/2021\/09\/21\/ponistenje-dijela-javnog-konkursa-od-03-08-2021-godine\/","title":{"rendered":"Poni\u0161tenje dijela javnog konkursa od 03.08.2021.godine"},"content":{"rendered":"<p>BOSNA I HERCEGOVINA<\/p>\n<p>FEDERACIJA BOSNE I HERCEGOVINE<\/p>\n<p><strong>KANTON SARAJEVO<\/strong><\/p>\n<p>OP\u0106INA CENTAR<\/p>\n<p><strong>JU O\u0160 \u201dVLADISLAV SKARI\u0106\u201d <\/strong>SARAJEVO<\/p>\n<p>&nbsp;<\/p>\n<p>Broj:06-10-498\/21<\/p>\n<p>Sarajevo, 20. 9. 2021. godine<\/p>\n<p>&nbsp;<\/p>\n<p>Na osnovu \u010dl. 88. i 94. Zakona o osnovnom odgoju i obrazovanju (\u2033Slu\u017ebene novine Kantona Sarajevo\u2033, br. 23\/17, 33\/17, 30\/19, 34\/20 i 33\/21), \u010dlana 27. st. (1) i (2) ta\u010dka d) Pravilnika s kriterijima za prijem radnika u radni odnos u pred\u0161kolskim ustanovama, osnovnim i srednjim \u0161kolama kao javnim ustanovama \u010diji je osniva\u010d Kanton Sarajevo (\u2033Slu\u017ebene novine Kantona Sarajevo\u2033, br. 29\/21 i 31\/21), Saglasnosti ministrice za odgoj i obrazovanje Kantona Sarajevo, broj: 11-30-26245-4, od 08. 09. 2021. godine i Odluke \u0160kolskog odbora o poni\u0161tenju dijela Javnog konkursa,\u00a0 broj:01-1-7-498\/21, od 20. 9. 2021. godine, \u00a0JU O\u0160 &#8220;Vladislav Skari\u0107&#8221; Sarajevo objavljuje<\/p>\n<p>&nbsp;<\/p>\n<p>&nbsp;<\/p>\n<p><strong>PONI\u0160TENJE <\/strong><\/p>\n<p><strong>dijela Javnog konkursa za popunu upra\u017enjenih radnih mjesta<\/strong><\/p>\n<p><strong>\u00a0<\/strong><\/p>\n<ol>\n<li><strong> PONI\u0160TAVA SE DIO <\/strong>Javnog konkursa, za popunu upra\u017enjenog radnog mjesta pozicija pod a) na odre\u0111eno vrijeme od okon\u010danja konkursne procedure do 31. 08. 2022. godine:<\/li>\n<li><strong> Nastavnik razredne nastave &#8230; 1 izvr\u0161ilac, puna nastavna norma,<\/strong><\/li>\n<\/ol>\n<p>objavljen 03. 08. 2021. godine u dnevnim novinama &#8220;Oslobo\u0111enje&#8221;, slu\u017ebenoj internet stranici JU O\u0160 &#8220;Vladislav Skari\u0107&#8221; sarajevo, <a href=\"http:\/\/www.osvs.edu.ba\">www.osvs.edu.ba<\/a>, te istovremeno na slu\u017ebenim internet stranicama Ministarstva za odgoj i obrazovanje Kantona Sarajevo i Javne ustanove &#8220;Slu\u017eba za zapo\u0161ljavanje Kantona Sarajevo.<\/p>\n<ol start=\"2\">\n<li><strong>2<\/strong>. Preostali dio teksta\u00a0 Javnog\u00a0 konkursa,\u00a0 ostaje nepromijenjen.<\/li>\n<li><strong>3<\/strong>. Dio Javnog konkursa iz ta\u010dke 1. poni\u0161tava se na temelju Odluke \u0160kolskog odbora JU O\u0160 &#8220;Vladislav Skari\u0107&#8221; Sarajevo, broj:01-1-7-498\/21, od 20. 9. 2021. godine, u skladu sa Zakonom osnovnom odgoju i obrazovanju (\u2033Slu\u017ebene novine Kantona Sarajevo\u2033, br. 23\/17, 33\/17, 30\/19, 34\/20 i 33\/21) uz saglasnost ministrice za odgoj i obrazovanje Kantona Sarajevo, broj: 11-30-26245-4, od 08. 09. 2021. godine.<\/li>\n<li><strong>4<\/strong>. Poni\u0161tenje dijela Javnog konkursa objavljeno je i na slu\u017ebenoj internet stranici JU O\u0160 &#8220;Vladislav Skari\u0107&#8221; sarajevo, <a href=\"http:\/\/www.osvs.edu.ba\">osvs.edu.ba<\/a>, te istovremeno na slu\u017ebenim internet stranicama Ministarstva za odgoj i obrazovanje Kantona Sarajevo i Javne ustanove &#8220;Slu\u017eba za zapo\u0161ljavanje Kantona Sarajevo&#8221;.<\/li>\n<\/ol>\n<p>&nbsp;<\/p>\n","protected":false},"excerpt":{"rendered":"<p>BOSNA I HERCEGOVINA FEDERACIJA BOSNE I HERCEGOVINE KANTON SARAJEVO OP\u0106INA CENTAR JU O\u0160 \u201dVLADISLAV SKARI\u0106\u201d SARAJEVO &nbsp; Broj:06-10-498\/21 Sarajevo, 20. 9. 2021. godine &nbsp; Na osnovu \u010dl. 88. i 94. Zakona o osnovnom odgoju i obrazovanju (\u2033Slu\u017ebene novine Kantona Sarajevo\u2033, br. 23\/17, 33\/17, 30\/19, 34\/20 i 33\/21), \u010dlana 27. st. (1) i (2) ta\u010dka d) Pravilnika s kriterijima za prijem radnika u radni odnos u pred\u0161kolskim ustanovama, osnovnim i srednjim \u0161kolama kao javnim ustanovama \u010diji je osniva\u010d Kanton Sarajevo (\u2033Slu\u017ebene novine Kantona Sarajevo\u2033, br. 29\/21 i 31\/21), Saglasnosti ministrice za odgoj i obrazovanje Kantona Sarajevo, broj: 11-30-26245-4, od 08. 09&#8230;. <\/p>\n","protected":false},"author":3,"featured_media":0,"comment_status":"closed","ping_status":"closed","sticky":false,"template":"","format":"standard","meta":{"footnotes":""},"categories":[1],"tags":[],"class_list":["post-185","post","type-post","status-publish","format-standard","hentry","category-uncategorized"],"_links":{"self":[{"href":"https:\/\/osvs.edu.ba\/index.php\/wp-json\/wp\/v2\/posts\/185","targetHints":{"allow":["GET"]}}],"collection":[{"href":"https:\/\/osvs.edu.ba\/index.php\/wp-json\/wp\/v2\/posts"}],"about":[{"href":"https:\/\/osvs.edu.ba\/index.php\/wp-json\/wp\/v2\/types\/post"}],"author":[{"embeddable":true,"href":"https:\/\/osvs.edu.ba\/index.php\/wp-json\/wp\/v2\/users\/3"}],"replies":[{"embeddable":true,"href":"https:\/\/osvs.edu.ba\/index.php\/wp-json\/wp\/v2\/comments?post=185"}],"version-history":[{"count":1,"href":"https:\/\/osvs.edu.ba\/index.php\/wp-json\/wp\/v2\/posts\/185\/revisions"}],"predecessor-version":[{"id":186,"href":"https:\/\/osvs.edu.ba\/index.php\/wp-json\/wp\/v2\/posts\/185\/revisions\/186"}],"wp:attachment":[{"href":"https:\/\/osvs.edu.ba\/index.php\/wp-json\/wp\/v2\/media?parent=185"}],"wp:term":[{"taxonomy":"category","embeddable":true,"href":"https:\/\/osvs.edu.ba\/index.php\/wp-json\/wp\/v2\/categories?post=185"},{"taxonomy":"post_tag","embeddable":true,"href":"https:\/\/osvs.edu.ba\/index.php\/wp-json\/wp\/v2\/tags?post=185"}],"curies":[{"name":"wp","href":"https:\/\/api.w.org\/{rel}","templated":true}]}}