{"id":1595,"date":"2023-08-29T09:56:06","date_gmt":"2023-08-29T09:56:06","guid":{"rendered":"https:\/\/osvs.edu.ba\/?p=1595"},"modified":"2023-08-29T09:56:28","modified_gmt":"2023-08-29T09:56:28","slug":"obavjestenje-o-pocetku-nastave-u-skolskoj-2023-2024-godini","status":"publish","type":"post","link":"https:\/\/osvs.edu.ba\/index.php\/2023\/08\/29\/obavjestenje-o-pocetku-nastave-u-skolskoj-2023-2024-godini\/","title":{"rendered":"Obavje\u0161tenje o po\u010detku nastave u \u0161kolskoj 2023\/2024.godini"},"content":{"rendered":"<div class=\"x11i5rnm xat24cr x1mh8g0r x1vvkbs xtlvy1s x126k92a\">\n<div dir=\"auto\">U skladu sa Nastavnim kalendarom koji je donijelo Ministarstvo za odgoj i obrazovanje Kantona Sarajevo nastava u novoj \u0161kolskoj 2023\/2024.godini po\u010dinje u petak 01.09.2023.godine.<\/div>\n<\/div>\n<div class=\"x11i5rnm xat24cr x1mh8g0r x1vvkbs xtlvy1s x126k92a\">\n<div dir=\"auto\">Po\u010detak nastave za u\u010denike od II do IX razreda je u 8,00 sati. Nastava \u0107e se realizirati u okviru dva \u0161kolska \u010dasa, prvi \u010das u\u010denici imaju sa u\u010diteljima i razrednicima.<\/div>\n<div dir=\"auto\">Produ\u017eeni boravak \u0161kole po\u010dinje sa radom u petak 01.09.2023.godine. Prijavu za kori\u0161tenje usluga produ\u017eenog boravka mo\u017eete izvr\u0161iti na e-mail adresu: produzeni.boravak23@osvs.edu.ba.<\/div>\n<\/div>\n<div class=\"x11i5rnm xat24cr x1mh8g0r x1vvkbs xtlvy1s x126k92a\">\n<div dir=\"auto\">Sve\u010dani prijem prva\u010di\u0107a je planiran za popodnevne sate istoga dana u dvori\u0161tu \u0161kole.<\/div>\n<div dir=\"auto\">Aktivnosti prijema prva\u010di\u0107a po\u010dinju u 15 sati i 45 minuta, a za 16 sati i 30 minuta planirana je kratka \u0161kolska priredba i obra\u0107anje zvanica. Nakon toga, prva\u010di\u0107i sa svojim u\u010diteljicama imaju svoj prvi \u0161kolski \u010das.<\/div>\n<div dir=\"auto\">Napominjemo da \u0107e svi u\u010denici od I do IX razreda dobiti ud\u017ebenike na kori\u0161tenje, tako da roditelji u\u010denika nemaju obavezu da kupuju i nabavljaju iste.<\/div>\n<div dir=\"auto\">Na\u0161i prva\u010di\u0107i \u0107e uz to dobiti ruksake i \u0161kolski pribor poklon Op\u0107ine Centar.<\/div>\n<div dir=\"auto\">Sretno svima<\/div>\n<div dir=\"auto\"><img loading=\"lazy\" decoding=\"async\" class=\"alignnone wp-image-1596 size-full\" src=\"https:\/\/osvs.edu.ba\/wp-content\/uploads\/2023\/08\/IMG-20200907-WA0002-1024x610-1.jpg\" alt=\"\" width=\"1024\" height=\"610\" srcset=\"https:\/\/osvs.edu.ba\/wp-content\/uploads\/2023\/08\/IMG-20200907-WA0002-1024x610-1.jpg 1024w, https:\/\/osvs.edu.ba\/wp-content\/uploads\/2023\/08\/IMG-20200907-WA0002-1024x610-1-300x179.jpg 300w, https:\/\/osvs.edu.ba\/wp-content\/uploads\/2023\/08\/IMG-20200907-WA0002-1024x610-1-768x458.jpg 768w\" sizes=\"auto, (max-width: 1024px) 100vw, 1024px\" \/> <img loading=\"lazy\" decoding=\"async\" class=\"alignnone size-medium wp-image-1597\" src=\"https:\/\/osvs.edu.ba\/wp-content\/uploads\/2023\/08\/61d23f1d66c8de407ecc9eb8d1bb909c-300x199.jpg\" alt=\"\" width=\"300\" height=\"199\" srcset=\"https:\/\/osvs.edu.ba\/wp-content\/uploads\/2023\/08\/61d23f1d66c8de407ecc9eb8d1bb909c-300x199.jpg 300w, https:\/\/osvs.edu.ba\/wp-content\/uploads\/2023\/08\/61d23f1d66c8de407ecc9eb8d1bb909c.jpg 600w\" sizes=\"auto, (max-width: 300px) 100vw, 300px\" \/> <img loading=\"lazy\" decoding=\"async\" class=\"alignnone wp-image-1598 size-full\" src=\"https:\/\/osvs.edu.ba\/wp-content\/uploads\/2023\/08\/prvacici-1.jpg\" alt=\"\" width=\"440\" height=\"315\" srcset=\"https:\/\/osvs.edu.ba\/wp-content\/uploads\/2023\/08\/prvacici-1.jpg 440w, https:\/\/osvs.edu.ba\/wp-content\/uploads\/2023\/08\/prvacici-1-300x215.jpg 300w\" sizes=\"auto, (max-width: 440px) 100vw, 440px\" \/><\/div>\n<\/div>\n","protected":false},"excerpt":{"rendered":"<p>U skladu sa Nastavnim kalendarom koji je donijelo Ministarstvo za odgoj i obrazovanje Kantona Sarajevo nastava u novoj \u0161kolskoj 2023\/2024.godini po\u010dinje u petak 01.09.2023.godine. Po\u010detak nastave za u\u010denike od II do IX razreda je u 8,00 sati. Nastava \u0107e se realizirati u okviru dva \u0161kolska \u010dasa, prvi \u010das u\u010denici imaju sa u\u010diteljima i razrednicima. Produ\u017eeni boravak \u0161kole po\u010dinje sa radom u petak 01.09.2023.godine. Prijavu za kori\u0161tenje usluga produ\u017eenog boravka mo\u017eete izvr\u0161iti na e-mail adresu: produzeni.boravak23@osvs.edu.ba. Sve\u010dani prijem prva\u010di\u0107a je planiran za popodnevne sate istoga dana u dvori\u0161tu \u0161kole. Aktivnosti prijema prva\u010di\u0107a po\u010dinju u 15 sati i 45 minuta, a za&#8230; <\/p>\n","protected":false},"author":3,"featured_media":0,"comment_status":"closed","ping_status":"closed","sticky":false,"template":"","format":"standard","meta":{"footnotes":""},"categories":[8,4],"tags":[],"class_list":["post-1595","post","type-post","status-publish","format-standard","hentry","category-nastava","category-obavjestanja"],"_links":{"self":[{"href":"https:\/\/osvs.edu.ba\/index.php\/wp-json\/wp\/v2\/posts\/1595","targetHints":{"allow":["GET"]}}],"collection":[{"href":"https:\/\/osvs.edu.ba\/index.php\/wp-json\/wp\/v2\/posts"}],"about":[{"href":"https:\/\/osvs.edu.ba\/index.php\/wp-json\/wp\/v2\/types\/post"}],"author":[{"embeddable":true,"href":"https:\/\/osvs.edu.ba\/index.php\/wp-json\/wp\/v2\/users\/3"}],"replies":[{"embeddable":true,"href":"https:\/\/osvs.edu.ba\/index.php\/wp-json\/wp\/v2\/comments?post=1595"}],"version-history":[{"count":2,"href":"https:\/\/osvs.edu.ba\/index.php\/wp-json\/wp\/v2\/posts\/1595\/revisions"}],"predecessor-version":[{"id":1600,"href":"https:\/\/osvs.edu.ba\/index.php\/wp-json\/wp\/v2\/posts\/1595\/revisions\/1600"}],"wp:attachment":[{"href":"https:\/\/osvs.edu.ba\/index.php\/wp-json\/wp\/v2\/media?parent=1595"}],"wp:term":[{"taxonomy":"category","embeddable":true,"href":"https:\/\/osvs.edu.ba\/index.php\/wp-json\/wp\/v2\/categories?post=1595"},{"taxonomy":"post_tag","embeddable":true,"href":"https:\/\/osvs.edu.ba\/index.php\/wp-json\/wp\/v2\/tags?post=1595"}],"curies":[{"name":"wp","href":"https:\/\/api.w.org\/{rel}","templated":true}]}}