{"id":1580,"date":"2023-08-16T10:32:32","date_gmt":"2023-08-16T10:32:32","guid":{"rendered":"https:\/\/osvs.edu.ba\/?p=1580"},"modified":"2025-01-24T13:04:55","modified_gmt":"2025-01-24T13:04:55","slug":"savjeti-roditeljima-buducih-prvacica-vezano-za-upis-u-prvi-razred-2","status":"publish","type":"post","link":"https:\/\/osvs.edu.ba\/index.php\/2023\/08\/16\/savjeti-roditeljima-buducih-prvacica-vezano-za-upis-u-prvi-razred-2\/","title":{"rendered":"Savjeti roditeljima budu\u0107ih prva\u010di\u0107a vezano za upis u prvi razred"},"content":{"rendered":"<div class=\"xdj266r x11i5rnm xat24cr x1mh8g0r x1vvkbs x126k92a\">\n<div dir=\"auto\"><\/div>\n<\/div>\n<div class=\"x11i5rnm xat24cr x1mh8g0r x1vvkbs xtlvy1s x126k92a\">\n<div dir=\"auto\">Po\u0161tovani roditelji budu\u0107ih prva\u010di\u0107a, \u017eelimo vas obavjestiti da 01.02.2025.godine po\u010dinje upis u prvi razred za \u0161kolsku 2025\/2026.godinu. S tim u vezi s skre\u0107emo pa\u017enju na blagovremeno obavljanje ljekarskog pregleda u nadle\u017enim zdravstvenim ustanovama, te prikupljanje ostale dokumentacije neophodne za kompletiranje upisa u prvi razred. Kao i prethodnih godina upis \u0107e se vr\u0161iti elektronskim putem, obrazac prijave je postavljen na web stranicu \u0161kole (osvs.edu.ba) gdje se prijava mo\u017ee preuzeti u word-u dokumentu. Upis u\u010denika u prvi razred mo\u017eete izvr\u0161iti do 28.02.2025.godine i izuzetno u mjesecu augustu 2025.godine. Popunjenu prijavu za upis dostavljate na e-mail adresu \u0161kole (info_osvs@osvs.edu.ba), a ostalu dokumentaciju predajete kada sa budu\u0107im prva\u010di\u0107em do\u0111ete na procjenu zrelosti za polazak u \u0161kolu..O terminu procjene zrelosti \u0107ete biti blagovremeno obavjestiti od strae pedagogice \u0161kole.<\/div>\n<div dir=\"auto\">Budu\u0107i da je polazak u \u0161kolu veliki korak za na\u0161e prva\u010di\u0107e u nastavku vam dajemo nekoliko savjeta kako da olak\u0161ate pripremu i polazak djece u \u0161kolu.Sigurni smo da ve\u0107inu ovih savjeta vi primjenjujete u odgoju svoje djece i pripremanju za polazak u \u0161kolu. Za sva ostala pitanja zajedno \u0107emo se dogovarati u najboljem interesu na\u0161ih u\u010denika.<\/div>\n<div dir=\"auto\">Sretno!<\/div>\n<\/div>\n<div class=\"x11i5rnm xat24cr x1mh8g0r x1vvkbs xtlvy1s x126k92a\">\n<div dir=\"auto\">Dragi roditelji budu\u0107ih prva\u010di\u0107a,<\/div>\n<div dir=\"auto\">drago nam je \u0161to je va\u0161e dijete postati u\u010denik na\u0161e \u0161kole i \u0161to \u0107emo sljede\u0107ih godina zajedno sudjelovati u njegovom odgoju i obrazovanju, u svestranom razvoju njegove li\u010dnosti.<\/div>\n<div dir=\"auto\">Po\u010detak \u0161kolovanja je za dijete jedno od najzna\u010dajnijih razdoblja u njegovom \u017eivotu. Od sada \u0107e se pred njega iz dana u dan postavljati sve ve\u0107i zadaci. Ono \u0107e upoznavati mnogo novih osoba &#8211; vr\u0161njaka i odraslih; brzo \u0107e \u0161iriti svoja znanja o svijetu oko sebe i sebi samom.<\/div>\n<div dir=\"auto\">Dijete \u0107e u \u0161koli na\u0107i brojne prilike za provjeru svojih sposobnosti i njihovo razvijanje. Na\u0161a je zajedni\u010dka obaveza omogu\u0107iti mu svestrani razvoj, stvaranje pozitivne slike o sebi, izgradnju povjerenje u sebe i svoje mogu\u0107nosti, kao i povjerenje u ljude.<\/div>\n<div dir=\"auto\">Do po\u010detka nove \u0161kolske godine ostalo je jo\u0161 nekoliko mjeseci. Nemojte ih ispuniti u\u010denjem \u010ditanja i pisanja \u2013 to prepustite nama.<\/div>\n<div dir=\"auto\">Provjerite jeste li osigurali neke preduvjete koji \u0107e djetetu olak\u0161ati snala\u017eenje u \u0161koli:<\/div>\n<div dir=\"auto\">Tokom proljetnih I ljetnih mjeseci pro\u0161etajte s djetetom putem do \u0161kole i ukazujte na sigurno pona\u0161anje u saobra\u0107aju.<\/div>\n<div dir=\"auto\">Zajedno s djetetom uredite njegov radni Kutak u va\u0161em stanu ili ku\u0107i ; navikavajte ga da se sam brine o njegovoj urednosti jer \u0107emo to tra\u017eiti i u u\u010dionici.<\/div>\n<div dir=\"auto\">Navikavajte dijete na pravilan ritam dana (ustajanje i lijeganje u pribli\u017eno isto vrijeme, spavanje no\u0107u 9-10 sati).<\/div>\n<div dir=\"auto\">Upu\u0107ujte dijete na pravilno dr\u017eanje tijela prilikom sjedenja i pri no\u0161enju njegove torbe\/ruksaka jer je to vje\u017eba za no\u0161enje \u0161kolske torbe.<\/div>\n<div dir=\"auto\">Poti\u010dite dijete na dru\u017eenje i igru s drugom djecom.<\/div>\n<div dir=\"auto\">Poti\u010dite dijete na igre spretnosti, snala\u017eljivosti i orijentacije: razvijajte pojmove lijevo-desno, gore-dolje, unutra-van.<\/div>\n<div dir=\"auto\">Upu\u0107ujte dijete na redovno odr\u017eavanje li\u010dne higijene, samostalno odijevanje i obuvanje.<\/div>\n<div dir=\"auto\">Razgovarajte s djetetom \u0161to vi\u0161e, odgovarajte na njegova pitanja i podr\u017eavajte njegovu znati\u017eelju za novim spoznajama.<\/div>\n<div dir=\"auto\">Prvi posjet \u0161koli, upoznavanje sa \u0161kolom i \u0161kolskim osobljem treba pro\u0107i uz prisustvo i podr\u0161ku roditelja. Procjena zrelosti djeteta za polazak u \u0161kolu je veoma va\u017ena aktivnost koju budu\u0107i prva\u010di\u0107i ozbiljno shvataju ali se nerijetko nepotrebno stvara veliki emocionalni pritisak na djecu. Da bi to uspje\u0161no prebrodili potrebna je podr\u0161ka i razumjevanje roditelja u\u010denika, \u0161ireg porodi\u010dnog okru\u017eenja i stru\u010dnih radnika \u0161kole..<\/div>\n<div dir=\"auto\">Prvi dan nastave osigurajte dovoljno slobodnog vremena kako biste bili uz svoje dijete, pomogli mu u snala\u017eenju u novoj sredini i zajedno s njim podijelili veselje i ponos zbog polaska u \u0161kolu.<\/div>\n<div dir=\"auto\">Saradnjom roditelja i \u0161kole posti\u0107i \u0107emo dobre rezultate u odgoju i obrazovanju va\u0161eg djeteta, ostvariti cilj \u2013 imati sretno dijete i dobrog u\u010denika koji \u0107e biti na\u0161 zajedni\u010dki ponos.<\/div>\n<div dir=\"auto\"><img loading=\"lazy\" decoding=\"async\" class=\"alignnone size-full wp-image-1581\" src=\"https:\/\/osvs.edu.ba\/wp-content\/uploads\/2023\/08\/Dobro_dosli2.jpg\" alt=\"\" width=\"200\" height=\"201\" srcset=\"https:\/\/osvs.edu.ba\/wp-content\/uploads\/2023\/08\/Dobro_dosli2.jpg 200w, https:\/\/osvs.edu.ba\/wp-content\/uploads\/2023\/08\/Dobro_dosli2-150x150.jpg 150w\" sizes=\"auto, (max-width: 200px) 100vw, 200px\" \/> <img loading=\"lazy\" decoding=\"async\" class=\"alignnone size-medium wp-image-1582\" src=\"https:\/\/osvs.edu.ba\/wp-content\/uploads\/2023\/08\/prvacici-300x215.jpg\" alt=\"\" width=\"300\" height=\"215\" srcset=\"https:\/\/osvs.edu.ba\/wp-content\/uploads\/2023\/08\/prvacici-300x215.jpg 300w, https:\/\/osvs.edu.ba\/wp-content\/uploads\/2023\/08\/prvacici.jpg 440w\" sizes=\"auto, (max-width: 300px) 100vw, 300px\" \/> <img loading=\"lazy\" decoding=\"async\" class=\"alignnone size-medium wp-image-1583\" src=\"https:\/\/osvs.edu.ba\/wp-content\/uploads\/2023\/08\/kids-160168_1280-300x225.webp\" alt=\"\" width=\"300\" height=\"225\" srcset=\"https:\/\/osvs.edu.ba\/wp-content\/uploads\/2023\/08\/kids-160168_1280-300x225.webp 300w, https:\/\/osvs.edu.ba\/wp-content\/uploads\/2023\/08\/kids-160168_1280.webp 640w\" sizes=\"auto, (max-width: 300px) 100vw, 300px\" \/><\/div>\n<\/div>\n","protected":false},"excerpt":{"rendered":"<p>Po\u0161tovani roditelji budu\u0107ih prva\u010di\u0107a, \u017eelimo vas obavjestiti da 01.02.2025.godine po\u010dinje upis u prvi razred za \u0161kolsku 2025\/2026.godinu. S tim u vezi s skre\u0107emo pa\u017enju na blagovremeno obavljanje ljekarskog pregleda u nadle\u017enim zdravstvenim ustanovama, te prikupljanje ostale dokumentacije neophodne za kompletiranje upisa u prvi razred. Kao i prethodnih godina upis \u0107e se vr\u0161iti elektronskim putem, obrazac prijave je postavljen na web stranicu \u0161kole (osvs.edu.ba) gdje se prijava mo\u017ee preuzeti u word-u dokumentu. Upis u\u010denika u prvi razred mo\u017eete izvr\u0161iti do 28.02.2025.godine i izuzetno u mjesecu augustu 2025.godine. Popunjenu prijavu za upis dostavljate na e-mail adresu \u0161kole (info_osvs@osvs.edu.ba), a ostalu dokumentaciju predajete&#8230; <\/p>\n","protected":false},"author":3,"featured_media":0,"comment_status":"closed","ping_status":"closed","sticky":false,"template":"","format":"standard","meta":{"footnotes":""},"categories":[8,4],"tags":[],"class_list":["post-1580","post","type-post","status-publish","format-standard","hentry","category-nastava","category-obavjestanja"],"_links":{"self":[{"href":"https:\/\/osvs.edu.ba\/index.php\/wp-json\/wp\/v2\/posts\/1580","targetHints":{"allow":["GET"]}}],"collection":[{"href":"https:\/\/osvs.edu.ba\/index.php\/wp-json\/wp\/v2\/posts"}],"about":[{"href":"https:\/\/osvs.edu.ba\/index.php\/wp-json\/wp\/v2\/types\/post"}],"author":[{"embeddable":true,"href":"https:\/\/osvs.edu.ba\/index.php\/wp-json\/wp\/v2\/users\/3"}],"replies":[{"embeddable":true,"href":"https:\/\/osvs.edu.ba\/index.php\/wp-json\/wp\/v2\/comments?post=1580"}],"version-history":[{"count":4,"href":"https:\/\/osvs.edu.ba\/index.php\/wp-json\/wp\/v2\/posts\/1580\/revisions"}],"predecessor-version":[{"id":2687,"href":"https:\/\/osvs.edu.ba\/index.php\/wp-json\/wp\/v2\/posts\/1580\/revisions\/2687"}],"wp:attachment":[{"href":"https:\/\/osvs.edu.ba\/index.php\/wp-json\/wp\/v2\/media?parent=1580"}],"wp:term":[{"taxonomy":"category","embeddable":true,"href":"https:\/\/osvs.edu.ba\/index.php\/wp-json\/wp\/v2\/categories?post=1580"},{"taxonomy":"post_tag","embeddable":true,"href":"https:\/\/osvs.edu.ba\/index.php\/wp-json\/wp\/v2\/tags?post=1580"}],"curies":[{"name":"wp","href":"https:\/\/api.w.org\/{rel}","templated":true}]}}