{"id":144,"date":"2021-09-07T06:46:17","date_gmt":"2021-09-07T06:46:17","guid":{"rendered":"https:\/\/osvs.edu.ba\/?p=144"},"modified":"2021-09-07T06:46:31","modified_gmt":"2021-09-07T06:46:31","slug":"izmjena-uputstva-o-organizaciji-i-realizaciji-odgojno-obrazovnog-rada-u-osnovnim-i-srednjim-skolama-na-podrucju-kantonasarajevo-u-skolskoj-2021-2022-godini","status":"publish","type":"post","link":"https:\/\/osvs.edu.ba\/index.php\/2021\/09\/07\/izmjena-uputstva-o-organizaciji-i-realizaciji-odgojno-obrazovnog-rada-u-osnovnim-i-srednjim-skolama-na-podrucju-kantonasarajevo-u-skolskoj-2021-2022-godini\/","title":{"rendered":"Izmjena Uputstva o organizaciji i realizaciji odgojno-obrazovnog rada u osnovnim i srednjim \u0161kolama na podru\u010dju KantonaSarajevo u \u0161kolskoj 2021\/2022. godini"},"content":{"rendered":"<p>Ministarstvo za odgoj i obrazovanje Kantona Sarajevo, nakon konsultacija sa Zavodom za javno zdravstvo Kantona Sarajevo, te koordinacijom s Vije\u0107em roditelja Kantona Sarajevo, odobrava izlazak u\u010denika za vrijeme trajanja velikog odmora u skladu sa raspolo\u017eivom infrastrukturom \u0161kola.<\/p>\n<p>Izlazak u\u010denika iz kabineta, za vrijeme trajanja velikog odmora, je dozvoljen isklju\u010divo uz strogo po\u0161tivanje va\u017ee\u0107ih epidemiolo\u0161kih mjera i preporuka.<\/p>\n<p>Za vrijeme trajanja velikog odmora, de\u017eurni nastavnici i u\u010denici-redari su du\u017eni izvr\u0161iti provjetravanje u\u010dionica, kao i provesti neophodne higijensko-epidemiolo\u0161ke mjere.<\/p>\n<p>Na kraju \u017eelimo skrenuti pa\u017enju roditeljima i u\u010denicima na po\u0161tivanje va\u017ee\u0107ih mjera i preporuka, jer zajedni\u010dki cilj svih nas jeste da djeca poha\u0111aju nastavu u \u0161kolama i \u0161kolskim klupama.<\/p>\n","protected":false},"excerpt":{"rendered":"<p>Ministarstvo za odgoj i obrazovanje Kantona Sarajevo, nakon konsultacija sa Zavodom za javno zdravstvo Kantona Sarajevo, te koordinacijom s Vije\u0107em roditelja Kantona Sarajevo, odobrava izlazak u\u010denika za vrijeme trajanja velikog odmora u skladu sa raspolo\u017eivom infrastrukturom \u0161kola. Izlazak u\u010denika iz kabineta, za vrijeme trajanja velikog odmora, je dozvoljen isklju\u010divo uz strogo po\u0161tivanje va\u017ee\u0107ih epidemiolo\u0161kih mjera i preporuka. Za vrijeme trajanja velikog odmora, de\u017eurni nastavnici i u\u010denici-redari su du\u017eni izvr\u0161iti provjetravanje u\u010dionica, kao i provesti neophodne higijensko-epidemiolo\u0161ke mjere. Na kraju \u017eelimo skrenuti pa\u017enju roditeljima i u\u010denicima na po\u0161tivanje va\u017ee\u0107ih mjera i preporuka, jer zajedni\u010dki cilj svih nas jeste da djeca poha\u0111aju&#8230; <\/p>\n","protected":false},"author":3,"featured_media":0,"comment_status":"closed","ping_status":"closed","sticky":false,"template":"","format":"standard","meta":{"footnotes":""},"categories":[1],"tags":[],"class_list":["post-144","post","type-post","status-publish","format-standard","hentry","category-uncategorized"],"_links":{"self":[{"href":"https:\/\/osvs.edu.ba\/index.php\/wp-json\/wp\/v2\/posts\/144","targetHints":{"allow":["GET"]}}],"collection":[{"href":"https:\/\/osvs.edu.ba\/index.php\/wp-json\/wp\/v2\/posts"}],"about":[{"href":"https:\/\/osvs.edu.ba\/index.php\/wp-json\/wp\/v2\/types\/post"}],"author":[{"embeddable":true,"href":"https:\/\/osvs.edu.ba\/index.php\/wp-json\/wp\/v2\/users\/3"}],"replies":[{"embeddable":true,"href":"https:\/\/osvs.edu.ba\/index.php\/wp-json\/wp\/v2\/comments?post=144"}],"version-history":[{"count":1,"href":"https:\/\/osvs.edu.ba\/index.php\/wp-json\/wp\/v2\/posts\/144\/revisions"}],"predecessor-version":[{"id":145,"href":"https:\/\/osvs.edu.ba\/index.php\/wp-json\/wp\/v2\/posts\/144\/revisions\/145"}],"wp:attachment":[{"href":"https:\/\/osvs.edu.ba\/index.php\/wp-json\/wp\/v2\/media?parent=144"}],"wp:term":[{"taxonomy":"category","embeddable":true,"href":"https:\/\/osvs.edu.ba\/index.php\/wp-json\/wp\/v2\/categories?post=144"},{"taxonomy":"post_tag","embeddable":true,"href":"https:\/\/osvs.edu.ba\/index.php\/wp-json\/wp\/v2\/tags?post=144"}],"curies":[{"name":"wp","href":"https:\/\/api.w.org\/{rel}","templated":true}]}}