{"id":1405,"date":"2023-04-26T11:31:41","date_gmt":"2023-04-26T11:31:41","guid":{"rendered":"https:\/\/osvs.edu.ba\/?p=1405"},"modified":"2023-04-26T11:31:41","modified_gmt":"2023-04-26T11:31:41","slug":"vazno-obavjestenje-2","status":"publish","type":"post","link":"https:\/\/osvs.edu.ba\/index.php\/2023\/04\/26\/vazno-obavjestenje-2\/","title":{"rendered":"Va\u017eno obavje\u0161tenje"},"content":{"rendered":"<div dir=\"auto\">U \u010detvrtak 27.04.2023.godine u na\u0161oj \u0161koli \u0107e se odr\u017eati Op\u0107insko takmi\u010denje iz Historije Bosne i Hercegovine. S obzirom na ve\u0107i broj prijavljenih ekipa i posjetilaca \u0161kole, te u skladu sa Uputstvom o organizaciji takmi\u010denja i prostornim potrebama za isto direktor \u0161kole je donio Odluku da u\u010denici predmetne nastave u \u010detvrtak 27.04.2023.godine nastavu realizuju na online na\u010din putem \u0161kolske platforme. Odluka je done\u0161ena u cilju \u0161to bolje organizacije takmi\u010denja bez ometanja samog takmi\u010denja ili nastave, te iz bezbjednosnih razloga zbog ve\u0107eg protoka u\u010denika i odraslih osoba u \u0161koli.<\/div>\n<div dir=\"auto\">U\u010denici razredne nastave svoju nastavu realizuju u \u0161kolskom objektu, produ\u017eeni boravak radi bez ikakvih izmjena.<\/div>\n<div dir=\"auto\">U petak 28.04.2023.godine nastava za sve u\u010denike se realizuje u \u0161kolskom objektu po redovnim rasporedima.<\/div>\n<div dir=\"auto\">Svim ekipama i takmi\u010darima osnovnih \u0161kola sa podru\u010dja Op\u0107ine Centar i njihovim nastavnicima \u017eelimo dobrodo\u0161licu u na\u0161u \u0161kolu i mnogo uspjeha na takmi\u010denju.<\/div>\n<div dir=\"auto\"><img loading=\"lazy\" decoding=\"async\" class=\"alignnone size-medium wp-image-1406\" src=\"https:\/\/osvs.edu.ba\/wp-content\/uploads\/2023\/04\/2021-11-14-1-2-300x168.jpg\" alt=\"\" width=\"300\" height=\"168\" srcset=\"https:\/\/osvs.edu.ba\/wp-content\/uploads\/2023\/04\/2021-11-14-1-2-300x168.jpg 300w, https:\/\/osvs.edu.ba\/wp-content\/uploads\/2023\/04\/2021-11-14-1-2-1024x572.jpg 1024w, https:\/\/osvs.edu.ba\/wp-content\/uploads\/2023\/04\/2021-11-14-1-2-768x429.jpg 768w, https:\/\/osvs.edu.ba\/wp-content\/uploads\/2023\/04\/2021-11-14-1-2-1536x858.jpg 1536w, https:\/\/osvs.edu.ba\/wp-content\/uploads\/2023\/04\/2021-11-14-1-2.jpg 1920w\" sizes=\"auto, (max-width: 300px) 100vw, 300px\" \/> <img loading=\"lazy\" decoding=\"async\" class=\"alignnone size-medium wp-image-1407\" src=\"https:\/\/osvs.edu.ba\/wp-content\/uploads\/2023\/04\/preuzmi-32.jpg\" alt=\"\" width=\"231\" height=\"218\" \/> <img loading=\"lazy\" decoding=\"async\" class=\"alignnone size-medium wp-image-1408\" src=\"https:\/\/osvs.edu.ba\/wp-content\/uploads\/2023\/04\/preuzmi-31.jpg\" alt=\"\" width=\"180\" height=\"180\" srcset=\"https:\/\/osvs.edu.ba\/wp-content\/uploads\/2023\/04\/preuzmi-31.jpg 180w, https:\/\/osvs.edu.ba\/wp-content\/uploads\/2023\/04\/preuzmi-31-150x150.jpg 150w\" sizes=\"auto, (max-width: 180px) 100vw, 180px\" \/><\/div>\n","protected":false},"excerpt":{"rendered":"<p>U \u010detvrtak 27.04.2023.godine u na\u0161oj \u0161koli \u0107e se odr\u017eati Op\u0107insko takmi\u010denje iz Historije Bosne i Hercegovine. S obzirom na ve\u0107i broj prijavljenih ekipa i posjetilaca \u0161kole, te u skladu sa Uputstvom o organizaciji takmi\u010denja i prostornim potrebama za isto direktor \u0161kole je donio Odluku da u\u010denici predmetne nastave u \u010detvrtak 27.04.2023.godine nastavu realizuju na online na\u010din putem \u0161kolske platforme. Odluka je done\u0161ena u cilju \u0161to bolje organizacije takmi\u010denja bez ometanja samog takmi\u010denja ili nastave, te iz bezbjednosnih razloga zbog ve\u0107eg protoka u\u010denika i odraslih osoba u \u0161koli. U\u010denici razredne nastave svoju nastavu realizuju u \u0161kolskom objektu, produ\u017eeni boravak radi bez&#8230; <\/p>\n","protected":false},"author":3,"featured_media":0,"comment_status":"closed","ping_status":"closed","sticky":false,"template":"","format":"standard","meta":{"footnotes":""},"categories":[8,4,13],"tags":[],"class_list":["post-1405","post","type-post","status-publish","format-standard","hentry","category-nastava","category-obavjestanja","category-online-nastava"],"_links":{"self":[{"href":"https:\/\/osvs.edu.ba\/index.php\/wp-json\/wp\/v2\/posts\/1405","targetHints":{"allow":["GET"]}}],"collection":[{"href":"https:\/\/osvs.edu.ba\/index.php\/wp-json\/wp\/v2\/posts"}],"about":[{"href":"https:\/\/osvs.edu.ba\/index.php\/wp-json\/wp\/v2\/types\/post"}],"author":[{"embeddable":true,"href":"https:\/\/osvs.edu.ba\/index.php\/wp-json\/wp\/v2\/users\/3"}],"replies":[{"embeddable":true,"href":"https:\/\/osvs.edu.ba\/index.php\/wp-json\/wp\/v2\/comments?post=1405"}],"version-history":[{"count":1,"href":"https:\/\/osvs.edu.ba\/index.php\/wp-json\/wp\/v2\/posts\/1405\/revisions"}],"predecessor-version":[{"id":1409,"href":"https:\/\/osvs.edu.ba\/index.php\/wp-json\/wp\/v2\/posts\/1405\/revisions\/1409"}],"wp:attachment":[{"href":"https:\/\/osvs.edu.ba\/index.php\/wp-json\/wp\/v2\/media?parent=1405"}],"wp:term":[{"taxonomy":"category","embeddable":true,"href":"https:\/\/osvs.edu.ba\/index.php\/wp-json\/wp\/v2\/categories?post=1405"},{"taxonomy":"post_tag","embeddable":true,"href":"https:\/\/osvs.edu.ba\/index.php\/wp-json\/wp\/v2\/tags?post=1405"}],"curies":[{"name":"wp","href":"https:\/\/api.w.org\/{rel}","templated":true}]}}