{"id":139,"date":"2021-08-30T15:28:58","date_gmt":"2021-08-30T15:28:58","guid":{"rendered":"https:\/\/osvs.edu.ba\/?p=139"},"modified":"2021-08-30T15:28:58","modified_gmt":"2021-08-30T15:28:58","slug":"pocetak-nastave-u-skolskoj-2021-2022-godini","status":"publish","type":"post","link":"https:\/\/osvs.edu.ba\/index.php\/2021\/08\/30\/pocetak-nastave-u-skolskoj-2021-2022-godini\/","title":{"rendered":"Po\u010detak nastave u \u0161kolskoj 2021\/2022.godini"},"content":{"rendered":"<p>Dragi u\u010denici, po\u0161tovani roditelji u\u010denika, uva\u017eene kolege<\/p>\n<p>u srijedu 01.09.2021.godine po\u010dinje nova \u0161kolska godina.<\/p>\n<p>Ovu \u0161kolsku godinu po\u010dinjemo u na\u0161oj \u0161koli i \u0161kolskim klupama. \u0160kola se priprema da primi sve svoje u\u010denike, a radnici \u0161kole \u0107e iza\u0107i na\u010din da se po\u0161tuje propisani razmak izme\u0111u u\u010denika.<\/p>\n<p>Nastava za u\u010denike od II do IX razreda po\u010dinje u srijedu 01.09.2021.godine u 8,00 sati. U skladu sa Uputstvom o organizaciji i realizaciji nastave, te epidemiolo\u0161kim preporukama u\u010denici \u0107e za vrijeme nastave boraviti u jednoj u\u010dionici sa izuzetkom pojedinih nastavnih predmeta ( informatika, tehni\u010dka kultura, osnove tehnike i engleski jezik.<\/p>\n<p>Raspored u\u010dionicama u razrednoj nastavi je nepromijenjen i u\u010denici razredne nastave idu u u\u010dionice. koje su ranije koristili njihovi razredi. Izuzetno, ukoliko ne budemo uspjeli napraviti raspored sjedenja u kojem bi ispo\u0161tovali 1 metar razmaka izme\u0111u u\u010denika\u00a0 u V-1 razredu u\u010denici \u0107e biti smje\u0161teni u muzi\u010dku salu \u0161kole ( III sprat).<\/p>\n<p>Raspored u\u010dionica u predmetnoj nastavi:<\/p>\n<p>VI-1 razred &#8211; Kabinet Bosanskog jezika i knji\u017eevnost\/ Hrvatskog jezika i knji\u017eevnosti\/Srpskog jezika i knji\u017eevnosti (I sprat)<\/p>\n<p>VII-1\u00a0 &#8211; Kabinet Historije i Geografije ( II sprat)<\/p>\n<p>VIII razred &#8211; Kabinet Fizike ( II sprat)<\/p>\n<p>IX razred &#8211; Kabinet Hemije i Biologije ( I sprat)<\/p>\n<p>Prvi dan \u0161kole u\u010denici \u0107e dobiti rasporede i upoznati se sa obavezama, te sa dijelom predmetnih nastavnika. U\u010denici \u0107e se zadr\u017eati jedan \u0161kolski \u010das.<\/p>\n<p>Sve\u010dani prijem prva\u010di\u0107a je u srijedu 01.09.2021.godine u slijede\u0107ima terminima:<\/p>\n<p>I-1\u00a0 \u00a0&#8211; 11 sati i 30 minuta<\/p>\n<p>I-2 &#8211; 12 sati<\/p>\n<p>Sve\u010dani prijem prva\u010di\u0107a \u0107e se zbog nestabilnih vremenskih prilika odr\u017eati u muzi\u010dkoj sali \u0161kole uz obavezno po\u0161tivanje propisanih higijensko-epidemiolo\u0161kih mjera. Roditelji prva\u010di\u0107a \u0107e biti obavje\u0161teni od strane pedagogice \u0161kole o rasporedu u\u010denika u odjeljenja.<\/p>\n<p>U\u010dionica I-1 razreda se nalazi na drugom spratu \u0161kole, a u\u010dionica I-2 se nalazi u prizemlju \u0161kole.<\/p>\n<p>U\u010denici u \u0161kolu ulaze bez zadr\u017eavanja u \u0161kolskom dvori\u0161tu i uz po\u0161tivanje epidemiolo\u0161kog protokola ( za\u0161titne maske, dezinfekcija ruku i obu\u0107e na ulazu u \u0161kolu. U\u010denici od I do V razreda za\u0161titne maske ne nose u u\u010dionicama, a za vrijeme kretanja kroz \u0161kolu nose za\u0161titne maske. U\u010denici predmetne nastave \u010ditavo vrijeme u \u0161koli nose za\u0161titne maske. \u010casovi traju 45 minuta, mali odmor 5 minuta a veliki odmor 20 minuta. Veliki odmor je poslije tre\u0107eg \u010dasa. Za vrijeme velikog odmora u\u010denici razredne nastave mogu u pratnji u\u010diteljice odmor provesti a \u0161kolskom dvori\u0161tu ukoliko to vremenski uslovi dozvole. U\u010denici predmetne nastave veliki odmor provode u svojoj u\u010dionici. Dolazak i ulazak roditelja u \u0161kolu je propisan Uputstvom o organizaciji i realizaciji nastave. Roditelje molimo za razumjevanje situacije i po\u0161tivanje uputstva vezano za privremenu mjeru zabrane ulaska u \u0161kolski objekat, izuzev u izuzetnim situacijama.<\/p>\n<p>U srijedu 01.09.2021.godine po\u010dinje sa radom i produ\u017eeni boravak u na\u0161oj \u0161koli. Radi na\u0161e lak\u0161e i bolje organizacije molimo sve zainteresirane da se prijave na e-mail adresu: produ\u017eeni.boravak2021@osvs.edu.ba.<\/p>\n<p>Fiskulturna sala \u0161kole je privremeno zatvorena za kori\u0161tenje zbog tehni\u010dkih razloga tako da \u0107e se u prvim danima \u0161kolske godine nastava iz predmeta tjelesni i zdravstveni odgoj realizovati u u\u010dionicama i dvori\u0161tu \u0161kole. S obzirom da ne mo\u017eemo predvidjeti situaciju oko fiskulturne sale \u0161kole planirano je da od polovine septembra ili od po\u010deka oktobra mjeseca nastava iz predmeta tjelesni i zdravstveni odgoj bude realizirana u KSC &#8220;Skenderija&#8221;.<\/p>\n<p>Svi smo uzbu\u0111eni ali molimo za ozbiljnost i po\u0161tivanje propisanih mjera, preporuka i uputa radnika \u0161kole.<\/p>\n<p>Molimo sve u\u010denike za ozbiljnost u pona\u0161anju i radu, roditelje u\u010denika za razumjevanje i podr\u0161ku vezano za po\u0161tivanje Uputstva i preporuka,<\/p>\n<p>Svim u\u010denicima, roditeljima u\u010denika, u\u010diteljima, nastavnicima i radnicima \u0161kole \u017eelimo sretnu i uspje\u0161nu novu \u0161kolsku godinu.<\/p>\n<p>Dobro nam do\u0161li&#8230;.<\/p>\n<p><img loading=\"lazy\" decoding=\"async\" class=\"alignnone size-medium wp-image-115\" src=\"https:\/\/osvs.edu.ba\/wp-content\/uploads\/2021\/08\/103385290_2666097730290573_8726626757788163704_n-696x399-1-300x172.jpg\" alt=\"\" width=\"300\" height=\"172\" srcset=\"https:\/\/osvs.edu.ba\/wp-content\/uploads\/2021\/08\/103385290_2666097730290573_8726626757788163704_n-696x399-1-300x172.jpg 300w, https:\/\/osvs.edu.ba\/wp-content\/uploads\/2021\/08\/103385290_2666097730290573_8726626757788163704_n-696x399-1.jpg 696w\" sizes=\"auto, (max-width: 300px) 100vw, 300px\" \/><img loading=\"lazy\" decoding=\"async\" class=\"alignnone size-full wp-image-140\" src=\"https:\/\/osvs.edu.ba\/wp-content\/uploads\/2021\/08\/preuzmi.jpg\" alt=\"\" width=\"268\" height=\"188\" \/> <img loading=\"lazy\" decoding=\"async\" class=\"alignnone size-medium wp-image-141\" src=\"https:\/\/osvs.edu.ba\/wp-content\/uploads\/2021\/08\/prvi-danskole-1-638-300x225.webp\" alt=\"\" width=\"300\" height=\"225\" srcset=\"https:\/\/osvs.edu.ba\/wp-content\/uploads\/2021\/08\/prvi-danskole-1-638-300x225.webp 300w, https:\/\/osvs.edu.ba\/wp-content\/uploads\/2021\/08\/prvi-danskole-1-638.webp 638w\" sizes=\"auto, (max-width: 300px) 100vw, 300px\" \/><\/p>\n","protected":false},"excerpt":{"rendered":"<p>Dragi u\u010denici, po\u0161tovani roditelji u\u010denika, uva\u017eene kolege u srijedu 01.09.2021.godine po\u010dinje nova \u0161kolska godina. Ovu \u0161kolsku godinu po\u010dinjemo u na\u0161oj \u0161koli i \u0161kolskim klupama. \u0160kola se priprema da primi sve svoje u\u010denike, a radnici \u0161kole \u0107e iza\u0107i na\u010din da se po\u0161tuje propisani razmak izme\u0111u u\u010denika. Nastava za u\u010denike od II do IX razreda po\u010dinje u srijedu 01.09.2021.godine u 8,00 sati. U skladu sa Uputstvom o organizaciji i realizaciji nastave, te epidemiolo\u0161kim preporukama u\u010denici \u0107e za vrijeme nastave boraviti u jednoj u\u010dionici sa izuzetkom pojedinih nastavnih predmeta ( informatika, tehni\u010dka kultura, osnove tehnike i engleski jezik. Raspored u\u010dionicama u razrednoj nastavi&#8230; <\/p>\n","protected":false},"author":3,"featured_media":0,"comment_status":"closed","ping_status":"closed","sticky":false,"template":"","format":"standard","meta":{"footnotes":""},"categories":[1],"tags":[],"class_list":["post-139","post","type-post","status-publish","format-standard","hentry","category-uncategorized"],"_links":{"self":[{"href":"https:\/\/osvs.edu.ba\/index.php\/wp-json\/wp\/v2\/posts\/139","targetHints":{"allow":["GET"]}}],"collection":[{"href":"https:\/\/osvs.edu.ba\/index.php\/wp-json\/wp\/v2\/posts"}],"about":[{"href":"https:\/\/osvs.edu.ba\/index.php\/wp-json\/wp\/v2\/types\/post"}],"author":[{"embeddable":true,"href":"https:\/\/osvs.edu.ba\/index.php\/wp-json\/wp\/v2\/users\/3"}],"replies":[{"embeddable":true,"href":"https:\/\/osvs.edu.ba\/index.php\/wp-json\/wp\/v2\/comments?post=139"}],"version-history":[{"count":1,"href":"https:\/\/osvs.edu.ba\/index.php\/wp-json\/wp\/v2\/posts\/139\/revisions"}],"predecessor-version":[{"id":142,"href":"https:\/\/osvs.edu.ba\/index.php\/wp-json\/wp\/v2\/posts\/139\/revisions\/142"}],"wp:attachment":[{"href":"https:\/\/osvs.edu.ba\/index.php\/wp-json\/wp\/v2\/media?parent=139"}],"wp:term":[{"taxonomy":"category","embeddable":true,"href":"https:\/\/osvs.edu.ba\/index.php\/wp-json\/wp\/v2\/categories?post=139"},{"taxonomy":"post_tag","embeddable":true,"href":"https:\/\/osvs.edu.ba\/index.php\/wp-json\/wp\/v2\/tags?post=139"}],"curies":[{"name":"wp","href":"https:\/\/api.w.org\/{rel}","templated":true}]}}