{"id":1158,"date":"2023-02-23T08:17:30","date_gmt":"2023-02-23T08:17:30","guid":{"rendered":"https:\/\/osvs.edu.ba\/?p=1158"},"modified":"2023-02-23T08:17:30","modified_gmt":"2023-02-23T08:17:30","slug":"treca-online-sedmica-u-skolskoj-2022-2023-godini","status":"publish","type":"post","link":"https:\/\/osvs.edu.ba\/index.php\/2023\/02\/23\/treca-online-sedmica-u-skolskoj-2022-2023-godini\/","title":{"rendered":"Tre\u0107a online sedmica u \u0161kolskoj 2022\/2023.godini"},"content":{"rendered":"<p>U skladu sa Zakonom o osnovnom odgoju i obrazovanju, te u skladu sa Godi\u0161njim programom rada \u0161kole za \u0161kolsku 2022\/2023.godinu u periodu od 27.02.2023.godine do 03.03.2023.godine planirana je realizacija tre\u0107e online sedmice za u\u010denike predmetne nastave u \u0161kolskoj 2022\/2023.godini.<\/p>\n<p>Molimo sve u\u010denike provjere svoje ra\u010dune na platformi Office 365, te da provjere svoje grue. Isto tako, molimo sve nastavnike da provjere grupe svojih nastavnih predmeta.<\/p>\n<p>Raspored zvonjenja, raspored \u010dasova i du\u017eina trajanja \u010dasova su iste kao i na redovnoj nastavi u \u0161kolskom objektu.<\/p>\n<p>Napominjemo da je 01.03.2023.godine neradni i nenastavni dan zbog obilje\u017eavanja Dana nezavisnosti.<\/p>\n<p>Za eventualne probleme u pristupu platformi obratiti se predmetnim nastavnicima ili direktoru \u0161kole (meho.piric@osvs.edu.ba)<\/p>\n<p><img loading=\"lazy\" decoding=\"async\" class=\"alignnone wp-image-1159 size-large\" src=\"https:\/\/osvs.edu.ba\/wp-content\/uploads\/2023\/02\/3-1024x577.png\" alt=\"\" width=\"1024\" height=\"577\" srcset=\"https:\/\/osvs.edu.ba\/wp-content\/uploads\/2023\/02\/3-1024x577.png 1024w, https:\/\/osvs.edu.ba\/wp-content\/uploads\/2023\/02\/3-300x169.png 300w, https:\/\/osvs.edu.ba\/wp-content\/uploads\/2023\/02\/3-768x433.png 768w, https:\/\/osvs.edu.ba\/wp-content\/uploads\/2023\/02\/3-1536x865.png 1536w, https:\/\/osvs.edu.ba\/wp-content\/uploads\/2023\/02\/3.png 1640w\" sizes=\"auto, (max-width: 1024px) 100vw, 1024px\" \/><\/p>\n<p>&nbsp;<\/p>\n","protected":false},"excerpt":{"rendered":"<p>U skladu sa Zakonom o osnovnom odgoju i obrazovanju, te u skladu sa Godi\u0161njim programom rada \u0161kole za \u0161kolsku 2022\/2023.godinu u periodu od 27.02.2023.godine do 03.03.2023.godine planirana je realizacija tre\u0107e online sedmice za u\u010denike predmetne nastave u \u0161kolskoj 2022\/2023.godini. Molimo sve u\u010denike provjere svoje ra\u010dune na platformi Office 365, te da provjere svoje grue. Isto tako, molimo sve nastavnike da provjere grupe svojih nastavnih predmeta. Raspored zvonjenja, raspored \u010dasova i du\u017eina trajanja \u010dasova su iste kao i na redovnoj nastavi u \u0161kolskom objektu. Napominjemo da je 01.03.2023.godine neradni i nenastavni dan zbog obilje\u017eavanja Dana nezavisnosti. Za eventualne probleme u pristupu&#8230; <\/p>\n","protected":false},"author":3,"featured_media":0,"comment_status":"closed","ping_status":"closed","sticky":false,"template":"","format":"standard","meta":{"footnotes":""},"categories":[4,13],"tags":[],"class_list":["post-1158","post","type-post","status-publish","format-standard","hentry","category-obavjestanja","category-online-nastava"],"_links":{"self":[{"href":"https:\/\/osvs.edu.ba\/index.php\/wp-json\/wp\/v2\/posts\/1158","targetHints":{"allow":["GET"]}}],"collection":[{"href":"https:\/\/osvs.edu.ba\/index.php\/wp-json\/wp\/v2\/posts"}],"about":[{"href":"https:\/\/osvs.edu.ba\/index.php\/wp-json\/wp\/v2\/types\/post"}],"author":[{"embeddable":true,"href":"https:\/\/osvs.edu.ba\/index.php\/wp-json\/wp\/v2\/users\/3"}],"replies":[{"embeddable":true,"href":"https:\/\/osvs.edu.ba\/index.php\/wp-json\/wp\/v2\/comments?post=1158"}],"version-history":[{"count":1,"href":"https:\/\/osvs.edu.ba\/index.php\/wp-json\/wp\/v2\/posts\/1158\/revisions"}],"predecessor-version":[{"id":1160,"href":"https:\/\/osvs.edu.ba\/index.php\/wp-json\/wp\/v2\/posts\/1158\/revisions\/1160"}],"wp:attachment":[{"href":"https:\/\/osvs.edu.ba\/index.php\/wp-json\/wp\/v2\/media?parent=1158"}],"wp:term":[{"taxonomy":"category","embeddable":true,"href":"https:\/\/osvs.edu.ba\/index.php\/wp-json\/wp\/v2\/categories?post=1158"},{"taxonomy":"post_tag","embeddable":true,"href":"https:\/\/osvs.edu.ba\/index.php\/wp-json\/wp\/v2\/tags?post=1158"}],"curies":[{"name":"wp","href":"https:\/\/api.w.org\/{rel}","templated":true}]}}